{"id":282,"date":"2015-12-02T17:30:00","date_gmt":"2015-12-02T17:30:00","guid":{"rendered":"https:\/\/sackingbob74.wordpress.com\/?p=173"},"modified":"2021-12-20T13:59:18","modified_gmt":"2021-12-20T12:59:18","slug":"depressionen-fuer-die-jugend","status":"publish","type":"post","link":"https:\/\/sackingbob74.synology.me\/wordpress\/2015\/12\/02\/depressionen-fuer-die-jugend\/","title":{"rendered":"Depressionen f\u00fcr die Jugend"},"content":{"rendered":"<p>Herbst war erneut schwerm\u00fctig. Er sagte, dass seine Zeit langsam gekommen war. Jetzt w\u00fcrde er bald los m\u00fcssen. Ich sagte, dass diese Art von Melancholie doch eher was f\u00fcr junge Leute war.<br \/>\nDieser Meinung konnte er sich nicht anschlie\u00dfen. Er sagte, dass es immer sch\u00f6n w\u00e4re, ein wenig in die Melancholie abzutauchen. Wenn man erneut daraus erscheine, w\u00e4re es umso besser.<br \/>\nDieser Meinung konnte ich mich hingegen nicht anschlie\u00dfen. Ich sagte: \u201cIch habe in meiner Zeit schon viel zu viele Leute an Depressionen leiden sehen. Das w\u00e4re sicherlich nichts, was man gerne machen w\u00fcrde. Es ist eine ernsthafte Erkrankung &#8211; sowohl bei jungen Menschen, wie auch bei \u00c4lteren.<br \/>\nAllerdings habe ich das Gef\u00fchl, dass so ein bisschen Depression &#8211; eine Depression light &#8211; eigentlich das Anrecht der Jugend w\u00e4re.<br \/>\nIn einem gewissen Alter, verwandelten sich Jugendliche pl\u00f6tzlich in schwerm\u00fctige Greise, h\u00f6ren langsame Musik, kleideten sich schwarz und tun so, als w\u00fcrden sie gleich sterben m\u00fcssen.<br \/>\nHerbst sagte, dass wir Menschen irgendwie komisch w\u00e4ren. Warum geben sich die Menschen solchen Gedanken hin?<br \/>\nIch sagte ihm, dass er damit angefangen h\u00e4tte. Als ich einmal gegen\u00fcber einem Bekannten \u00e4u\u00dferte, dass mich auch ab und zu, in stillen Stunden, eine Schwermut \u00fcberf\u00e4llt &#8211; ganz ohne Grund &#8211; sagte der Bekannte nur, dass ich mich doch unbedingt behandeln lassen m\u00fcsse.<br \/>\nHerbst lachte.&nbsp;<br \/>\nIch sagte: \u201cSiehst Du, jetzt geht es Dir schon besser\u201d.<br \/>\nEr sagte: \u201cDu g\u00f6nnst mir aber \u00fcberhaupt nichts.\u201d<\/p>\n","protected":false},"excerpt":{"rendered":"<p>Herbst war erneut schwerm\u00fctig. Er sagte, dass seine Zeit langsam gekommen war. Jetzt w\u00fcrde er bald los m\u00fcssen. Ich sagte, dass diese Art von Melancholie doch eher was f\u00fcr junge Leute war. Dieser Meinung konnte er sich nicht anschlie\u00dfen. Er sagte, dass es immer sch\u00f6n w\u00e4re, ein wenig in die Melancholie abzutauchen. Wenn man erneut [&hellip;]<\/p>\n","protected":false},"author":1,"featured_media":219,"comment_status":"closed","ping_status":"closed","sticky":false,"template":"","format":"standard","meta":{"_bbp_topic_count":0,"_bbp_reply_count":0,"_bbp_total_topic_count":0,"_bbp_total_reply_count":0,"_bbp_voice_count":0,"_bbp_anonymous_reply_count":0,"_bbp_topic_count_hidden":0,"_bbp_reply_count_hidden":0,"_bbp_forum_subforum_count":0,"episode_type":"","audio_file":"","cover_image":"","cover_image_id":"","duration":"","filesize":"","date_recorded":"","explicit":"","block":"","filesize_raw":""},"categories":[16],"tags":[63,88,92,96,98,162,164],"yoast_head":"<!-- This site is optimized with the Yoast SEO plugin v18.2 - https:\/\/yoast.com\/wordpress\/plugins\/seo\/ -->\n<title>Depressionen f\u00fcr die Jugend - Das Archiv<\/title>\n<meta name=\"robots\" content=\"index, follow, max-snippet:-1, max-image-preview:large, max-video-preview:-1\" \/>\n<link rel=\"canonical\" href=\"https:\/\/sackingbob74.synology.me\/wordpress\/2015\/12\/02\/depressionen-fuer-die-jugend\/\" \/>\n<meta property=\"og:locale\" content=\"de_DE\" \/>\n<meta property=\"og:type\" content=\"article\" \/>\n<meta property=\"og:title\" content=\"Depressionen f\u00fcr die Jugend - Das Archiv\" \/>\n<meta property=\"og:description\" content=\"Herbst war erneut schwerm\u00fctig. Er sagte, dass seine Zeit langsam gekommen war. Jetzt w\u00fcrde er bald los m\u00fcssen. Ich sagte, dass diese Art von Melancholie doch eher was f\u00fcr junge Leute war. Dieser Meinung konnte er sich nicht anschlie\u00dfen. Er sagte, dass es immer sch\u00f6n w\u00e4re, ein wenig in die Melancholie abzutauchen. Wenn man erneut [&hellip;]\" \/>\n<meta property=\"og:url\" content=\"https:\/\/sackingbob74.synology.me\/wordpress\/2015\/12\/02\/depressionen-fuer-die-jugend\/\" \/>\n<meta property=\"og:site_name\" content=\"Das Archiv\" \/>\n<meta property=\"article:publisher\" content=\"https:\/\/www.facebook.com\/SackingBob74\" \/>\n<meta property=\"article:author\" content=\"https:\/\/www.facebook.com\/SackingBob74\" \/>\n<meta property=\"article:published_time\" content=\"2015-12-02T17:30:00+00:00\" \/>\n<meta property=\"article:modified_time\" content=\"2021-12-20T12:59:18+00:00\" \/>\n<meta property=\"og:image\" content=\"https:\/\/sackingbob74.synology.me\/wordpress\/wp-content\/uploads\/2015\/11\/snapseed-111-scaled.jpg\" \/>\n\t<meta property=\"og:image:width\" content=\"1920\" \/>\n\t<meta property=\"og:image:height\" content=\"2560\" \/>\n\t<meta property=\"og:image:type\" content=\"image\/jpeg\" \/>\n<meta name=\"twitter:card\" content=\"summary_large_image\" \/>\n<meta name=\"twitter:creator\" content=\"@SackingBob74\" \/>\n<meta name=\"twitter:site\" content=\"@SackingBob74\" \/>\n<meta name=\"twitter:label1\" content=\"Verfasst von\" \/>\n\t<meta name=\"twitter:data1\" content=\"SackingBob74\" \/>\n\t<meta name=\"twitter:label2\" content=\"Gesch\u00e4tzte Lesezeit\" \/>\n\t<meta name=\"twitter:data2\" content=\"1 Minute\" \/>\n<script type=\"application\/ld+json\" class=\"yoast-schema-graph\">{\"@context\":\"https:\/\/schema.org\",\"@graph\":[{\"@type\":\"WebSite\",\"@id\":\"https:\/\/sackingbob74.synology.me\/wordpress\/#website\",\"url\":\"https:\/\/sackingbob74.synology.me\/wordpress\/\",\"name\":\"Das Archiv\",\"description\":\"Die Welt des Doc SAC aka SackingBob74\",\"publisher\":{\"@id\":\"https:\/\/sackingbob74.synology.me\/wordpress\/#\/schema\/person\/b4e8c9800a43e3dd482a88f9b5c1f484\"},\"potentialAction\":[{\"@type\":\"SearchAction\",\"target\":{\"@type\":\"EntryPoint\",\"urlTemplate\":\"https:\/\/sackingbob74.synology.me\/wordpress\/?s={search_term_string}\"},\"query-input\":\"required name=search_term_string\"}],\"inLanguage\":\"de-DE\"},{\"@type\":\"ImageObject\",\"@id\":\"https:\/\/sackingbob74.synology.me\/wordpress\/2015\/12\/02\/depressionen-fuer-die-jugend\/#primaryimage\",\"inLanguage\":\"de-DE\",\"url\":\"https:\/\/sackingbob74.synology.me\/wordpress\/wp-content\/uploads\/2015\/11\/snapseed-111-scaled.jpg\",\"contentUrl\":\"https:\/\/sackingbob74.synology.me\/wordpress\/wp-content\/uploads\/2015\/11\/snapseed-111-scaled.jpg\",\"width\":1920,\"height\":2560},{\"@type\":\"WebPage\",\"@id\":\"https:\/\/sackingbob74.synology.me\/wordpress\/2015\/12\/02\/depressionen-fuer-die-jugend\/#webpage\",\"url\":\"https:\/\/sackingbob74.synology.me\/wordpress\/2015\/12\/02\/depressionen-fuer-die-jugend\/\",\"name\":\"Depressionen f\u00fcr die Jugend - Das Archiv\",\"isPartOf\":{\"@id\":\"https:\/\/sackingbob74.synology.me\/wordpress\/#website\"},\"primaryImageOfPage\":{\"@id\":\"https:\/\/sackingbob74.synology.me\/wordpress\/2015\/12\/02\/depressionen-fuer-die-jugend\/#primaryimage\"},\"datePublished\":\"2015-12-02T17:30:00+00:00\",\"dateModified\":\"2021-12-20T12:59:18+00:00\",\"breadcrumb\":{\"@id\":\"https:\/\/sackingbob74.synology.me\/wordpress\/2015\/12\/02\/depressionen-fuer-die-jugend\/#breadcrumb\"},\"inLanguage\":\"de-DE\",\"potentialAction\":[{\"@type\":\"ReadAction\",\"target\":[\"https:\/\/sackingbob74.synology.me\/wordpress\/2015\/12\/02\/depressionen-fuer-die-jugend\/\"]}]},{\"@type\":\"BreadcrumbList\",\"@id\":\"https:\/\/sackingbob74.synology.me\/wordpress\/2015\/12\/02\/depressionen-fuer-die-jugend\/#breadcrumb\",\"itemListElement\":[{\"@type\":\"ListItem\",\"position\":1,\"name\":\"Startseite\",\"item\":\"https:\/\/sackingbob74.synology.me\/wordpress\/\"},{\"@type\":\"ListItem\",\"position\":2,\"name\":\"Depressionen f\u00fcr die Jugend\"}]},{\"@type\":\"Article\",\"@id\":\"https:\/\/sackingbob74.synology.me\/wordpress\/2015\/12\/02\/depressionen-fuer-die-jugend\/#article\",\"isPartOf\":{\"@id\":\"https:\/\/sackingbob74.synology.me\/wordpress\/2015\/12\/02\/depressionen-fuer-die-jugend\/#webpage\"},\"author\":{\"@id\":\"https:\/\/sackingbob74.synology.me\/wordpress\/#\/schema\/person\/b4e8c9800a43e3dd482a88f9b5c1f484\"},\"headline\":\"Depressionen f\u00fcr die Jugend\",\"datePublished\":\"2015-12-02T17:30:00+00:00\",\"dateModified\":\"2021-12-20T12:59:18+00:00\",\"mainEntityOfPage\":{\"@id\":\"https:\/\/sackingbob74.synology.me\/wordpress\/2015\/12\/02\/depressionen-fuer-die-jugend\/#webpage\"},\"wordCount\":266,\"publisher\":{\"@id\":\"https:\/\/sackingbob74.synology.me\/wordpress\/#\/schema\/person\/b4e8c9800a43e3dd482a88f9b5c1f484\"},\"image\":{\"@id\":\"https:\/\/sackingbob74.synology.me\/wordpress\/2015\/12\/02\/depressionen-fuer-die-jugend\/#primaryimage\"},\"thumbnailUrl\":\"https:\/\/sackingbob74.synology.me\/wordpress\/wp-content\/uploads\/2015\/11\/snapseed-111-scaled.jpg\",\"keywords\":[\"Deutsch\",\"Gedanken\",\"Glosse\",\"Herbst\",\"Humor\",\"Satire\",\"schreiben\"],\"articleSection\":[\"Geschichten\"],\"inLanguage\":\"de-DE\"},{\"@type\":[\"Person\",\"Organization\"],\"@id\":\"https:\/\/sackingbob74.synology.me\/wordpress\/#\/schema\/person\/b4e8c9800a43e3dd482a88f9b5c1f484\",\"name\":\"SackingBob74\",\"image\":{\"@type\":\"ImageObject\",\"@id\":\"https:\/\/sackingbob74.synology.me\/wordpress\/#personlogo\",\"inLanguage\":\"de-DE\",\"url\":\"https:\/\/192.168.178.37\/wordpress\/wp-content\/uploads\/2017\/09\/e60748ec-bc11-4b2b-9771-d1736483a421-3010-000006f5be2e569f.jpg\",\"contentUrl\":\"https:\/\/192.168.178.37\/wordpress\/wp-content\/uploads\/2017\/09\/e60748ec-bc11-4b2b-9771-d1736483a421-3010-000006f5be2e569f.jpg\",\"width\":960,\"height\":1280,\"caption\":\"SackingBob74\"},\"logo\":{\"@id\":\"https:\/\/sackingbob74.synology.me\/wordpress\/#personlogo\"},\"description\":\"1974 in Dorsten geboren, entdeckte man fr\u00fch das fehlende sportliche Talent des Autors. \u00dcber Jahre erlernte er m\u00fchsam das Lesen und Schreiben, wobei er mit dem Letzteren immer seine Probleme hatte. Die Lehrer bescheinigten ihm ein hohes Ma\u00df an Fantasie und Flexibilit\u00e4t in der Rechtschreibung. Aus den oberen Gr\u00fcnden stand ihm lediglich der Zweig der Naturwissenschaften offen. Sein Werdegang wurde 2008 an Halloween mit einer Promotion in Chemie belohnt. Sein erstes Buch \u00bbNiedermolekulare Co-Kristallisation\u00ab erwies sich als Ladenh\u00fcter (Essener Uni-Bibliothek, wird wahrscheinlich z.Z. im unzug\u00e4nglichen Keller aufbewahrt). Um eine breitere \u00d6ffentlichkeit zu erreichen, beschloss der Autor, das Genre zu wechseln. Seit ein paar Jahren ver\u00f6ffentlicht er in seinem Blog &gt;SackingBob74.de&lt; Geschichten \u00fcber sich und die personalisierten Jahreszeiten. Er lebt mit seiner Familie in Gladbeck.\",\"sameAs\":[\"http:\/\/sackingbob74.synology.me\/wordpress\",\"https:\/\/www.facebook.com\/SackingBob74\",\"https:\/\/twitter.com\/SackingBob74\"],\"url\":\"https:\/\/sackingbob74.synology.me\/wordpress\/author\/sackingbob74\/\"}]}<\/script>\n<!-- \/ Yoast SEO plugin. -->","yoast_head_json":{"title":"Depressionen f\u00fcr die Jugend - Das Archiv","robots":{"index":"index","follow":"follow","max-snippet":"max-snippet:-1","max-image-preview":"max-image-preview:large","max-video-preview":"max-video-preview:-1"},"canonical":"https:\/\/sackingbob74.synology.me\/wordpress\/2015\/12\/02\/depressionen-fuer-die-jugend\/","og_locale":"de_DE","og_type":"article","og_title":"Depressionen f\u00fcr die Jugend - Das Archiv","og_description":"Herbst war erneut schwerm\u00fctig. Er sagte, dass seine Zeit langsam gekommen war. Jetzt w\u00fcrde er bald los m\u00fcssen. Ich sagte, dass diese Art von Melancholie doch eher was f\u00fcr junge Leute war. Dieser Meinung konnte er sich nicht anschlie\u00dfen. Er sagte, dass es immer sch\u00f6n w\u00e4re, ein wenig in die Melancholie abzutauchen. Wenn man erneut [&hellip;]","og_url":"https:\/\/sackingbob74.synology.me\/wordpress\/2015\/12\/02\/depressionen-fuer-die-jugend\/","og_site_name":"Das Archiv","article_publisher":"https:\/\/www.facebook.com\/SackingBob74","article_author":"https:\/\/www.facebook.com\/SackingBob74","article_published_time":"2015-12-02T17:30:00+00:00","article_modified_time":"2021-12-20T12:59:18+00:00","og_image":[{"width":1920,"height":2560,"url":"https:\/\/sackingbob74.synology.me\/wordpress\/wp-content\/uploads\/2015\/11\/snapseed-111-scaled.jpg","type":"image\/jpeg"}],"twitter_card":"summary_large_image","twitter_creator":"@SackingBob74","twitter_site":"@SackingBob74","twitter_misc":{"Verfasst von":"SackingBob74","Gesch\u00e4tzte Lesezeit":"1 Minute"},"schema":{"@context":"https:\/\/schema.org","@graph":[{"@type":"WebSite","@id":"https:\/\/sackingbob74.synology.me\/wordpress\/#website","url":"https:\/\/sackingbob74.synology.me\/wordpress\/","name":"Das Archiv","description":"Die Welt des Doc SAC aka SackingBob74","publisher":{"@id":"https:\/\/sackingbob74.synology.me\/wordpress\/#\/schema\/person\/b4e8c9800a43e3dd482a88f9b5c1f484"},"potentialAction":[{"@type":"SearchAction","target":{"@type":"EntryPoint","urlTemplate":"https:\/\/sackingbob74.synology.me\/wordpress\/?s={search_term_string}"},"query-input":"required name=search_term_string"}],"inLanguage":"de-DE"},{"@type":"ImageObject","@id":"https:\/\/sackingbob74.synology.me\/wordpress\/2015\/12\/02\/depressionen-fuer-die-jugend\/#primaryimage","inLanguage":"de-DE","url":"https:\/\/sackingbob74.synology.me\/wordpress\/wp-content\/uploads\/2015\/11\/snapseed-111-scaled.jpg","contentUrl":"https:\/\/sackingbob74.synology.me\/wordpress\/wp-content\/uploads\/2015\/11\/snapseed-111-scaled.jpg","width":1920,"height":2560},{"@type":"WebPage","@id":"https:\/\/sackingbob74.synology.me\/wordpress\/2015\/12\/02\/depressionen-fuer-die-jugend\/#webpage","url":"https:\/\/sackingbob74.synology.me\/wordpress\/2015\/12\/02\/depressionen-fuer-die-jugend\/","name":"Depressionen f\u00fcr die Jugend - Das Archiv","isPartOf":{"@id":"https:\/\/sackingbob74.synology.me\/wordpress\/#website"},"primaryImageOfPage":{"@id":"https:\/\/sackingbob74.synology.me\/wordpress\/2015\/12\/02\/depressionen-fuer-die-jugend\/#primaryimage"},"datePublished":"2015-12-02T17:30:00+00:00","dateModified":"2021-12-20T12:59:18+00:00","breadcrumb":{"@id":"https:\/\/sackingbob74.synology.me\/wordpress\/2015\/12\/02\/depressionen-fuer-die-jugend\/#breadcrumb"},"inLanguage":"de-DE","potentialAction":[{"@type":"ReadAction","target":["https:\/\/sackingbob74.synology.me\/wordpress\/2015\/12\/02\/depressionen-fuer-die-jugend\/"]}]},{"@type":"BreadcrumbList","@id":"https:\/\/sackingbob74.synology.me\/wordpress\/2015\/12\/02\/depressionen-fuer-die-jugend\/#breadcrumb","itemListElement":[{"@type":"ListItem","position":1,"name":"Startseite","item":"https:\/\/sackingbob74.synology.me\/wordpress\/"},{"@type":"ListItem","position":2,"name":"Depressionen f\u00fcr die Jugend"}]},{"@type":"Article","@id":"https:\/\/sackingbob74.synology.me\/wordpress\/2015\/12\/02\/depressionen-fuer-die-jugend\/#article","isPartOf":{"@id":"https:\/\/sackingbob74.synology.me\/wordpress\/2015\/12\/02\/depressionen-fuer-die-jugend\/#webpage"},"author":{"@id":"https:\/\/sackingbob74.synology.me\/wordpress\/#\/schema\/person\/b4e8c9800a43e3dd482a88f9b5c1f484"},"headline":"Depressionen f\u00fcr die Jugend","datePublished":"2015-12-02T17:30:00+00:00","dateModified":"2021-12-20T12:59:18+00:00","mainEntityOfPage":{"@id":"https:\/\/sackingbob74.synology.me\/wordpress\/2015\/12\/02\/depressionen-fuer-die-jugend\/#webpage"},"wordCount":266,"publisher":{"@id":"https:\/\/sackingbob74.synology.me\/wordpress\/#\/schema\/person\/b4e8c9800a43e3dd482a88f9b5c1f484"},"image":{"@id":"https:\/\/sackingbob74.synology.me\/wordpress\/2015\/12\/02\/depressionen-fuer-die-jugend\/#primaryimage"},"thumbnailUrl":"https:\/\/sackingbob74.synology.me\/wordpress\/wp-content\/uploads\/2015\/11\/snapseed-111-scaled.jpg","keywords":["Deutsch","Gedanken","Glosse","Herbst","Humor","Satire","schreiben"],"articleSection":["Geschichten"],"inLanguage":"de-DE"},{"@type":["Person","Organization"],"@id":"https:\/\/sackingbob74.synology.me\/wordpress\/#\/schema\/person\/b4e8c9800a43e3dd482a88f9b5c1f484","name":"SackingBob74","image":{"@type":"ImageObject","@id":"https:\/\/sackingbob74.synology.me\/wordpress\/#personlogo","inLanguage":"de-DE","url":"https:\/\/192.168.178.37\/wordpress\/wp-content\/uploads\/2017\/09\/e60748ec-bc11-4b2b-9771-d1736483a421-3010-000006f5be2e569f.jpg","contentUrl":"https:\/\/192.168.178.37\/wordpress\/wp-content\/uploads\/2017\/09\/e60748ec-bc11-4b2b-9771-d1736483a421-3010-000006f5be2e569f.jpg","width":960,"height":1280,"caption":"SackingBob74"},"logo":{"@id":"https:\/\/sackingbob74.synology.me\/wordpress\/#personlogo"},"description":"1974 in Dorsten geboren, entdeckte man fr\u00fch das fehlende sportliche Talent des Autors. \u00dcber Jahre erlernte er m\u00fchsam das Lesen und Schreiben, wobei er mit dem Letzteren immer seine Probleme hatte. Die Lehrer bescheinigten ihm ein hohes Ma\u00df an Fantasie und Flexibilit\u00e4t in der Rechtschreibung. Aus den oberen Gr\u00fcnden stand ihm lediglich der Zweig der Naturwissenschaften offen. Sein Werdegang wurde 2008 an Halloween mit einer Promotion in Chemie belohnt. Sein erstes Buch \u00bbNiedermolekulare Co-Kristallisation\u00ab erwies sich als Ladenh\u00fcter (Essener Uni-Bibliothek, wird wahrscheinlich z.Z. im unzug\u00e4nglichen Keller aufbewahrt). Um eine breitere \u00d6ffentlichkeit zu erreichen, beschloss der Autor, das Genre zu wechseln. Seit ein paar Jahren ver\u00f6ffentlicht er in seinem Blog &gt;SackingBob74.de&lt; Geschichten \u00fcber sich und die personalisierten Jahreszeiten. Er lebt mit seiner Familie in Gladbeck.","sameAs":["http:\/\/sackingbob74.synology.me\/wordpress","https:\/\/www.facebook.com\/SackingBob74","https:\/\/twitter.com\/SackingBob74"],"url":"https:\/\/sackingbob74.synology.me\/wordpress\/author\/sackingbob74\/"}]}},"_links":{"self":[{"href":"https:\/\/sackingbob74.synology.me\/wordpress\/wp-json\/wp\/v2\/posts\/282"}],"collection":[{"href":"https:\/\/sackingbob74.synology.me\/wordpress\/wp-json\/wp\/v2\/posts"}],"about":[{"href":"https:\/\/sackingbob74.synology.me\/wordpress\/wp-json\/wp\/v2\/types\/post"}],"author":[{"embeddable":true,"href":"https:\/\/sackingbob74.synology.me\/wordpress\/wp-json\/wp\/v2\/users\/1"}],"replies":[{"embeddable":true,"href":"https:\/\/sackingbob74.synology.me\/wordpress\/wp-json\/wp\/v2\/comments?post=282"}],"version-history":[{"count":1,"href":"https:\/\/sackingbob74.synology.me\/wordpress\/wp-json\/wp\/v2\/posts\/282\/revisions"}],"predecessor-version":[{"id":4950,"href":"https:\/\/sackingbob74.synology.me\/wordpress\/wp-json\/wp\/v2\/posts\/282\/revisions\/4950"}],"wp:featuredmedia":[{"embeddable":true,"href":"https:\/\/sackingbob74.synology.me\/wordpress\/wp-json\/wp\/v2\/media\/219"}],"wp:attachment":[{"href":"https:\/\/sackingbob74.synology.me\/wordpress\/wp-json\/wp\/v2\/media?parent=282"}],"wp:term":[{"taxonomy":"category","embeddable":true,"href":"https:\/\/sackingbob74.synology.me\/wordpress\/wp-json\/wp\/v2\/categories?post=282"},{"taxonomy":"post_tag","embeddable":true,"href":"https:\/\/sackingbob74.synology.me\/wordpress\/wp-json\/wp\/v2\/tags?post=282"}],"curies":[{"name":"wp","href":"https:\/\/api.w.org\/{rel}","templated":true}]}}