{"id":3933,"date":"2017-06-09T17:30:00","date_gmt":"2017-06-09T15:30:00","guid":{"rendered":"https:\/\/sackingbob74.wordpress.com\/?p=3933"},"modified":"2021-12-20T13:54:01","modified_gmt":"2021-12-20T12:54:01","slug":"die-relativitaet-der-zeit","status":"publish","type":"post","link":"http:\/\/sackingbob74.synology.me\/wordpress\/2017\/06\/09\/die-relativitaet-der-zeit\/","title":{"rendered":"Die Relativit\u00e4t der Zeit"},"content":{"rendered":"<p>Beim Abwasch stand ich erneut neben Boris am Sp\u00fclbecken. Ich hatte mich so sehr daran gew\u00f6hnt, Teller abzutrocknen.<br \/>\n\u00bbWas planst Du? Was ist Dein Trumpf, von dem Du erz\u00e4hlt hast?\u00ab, fragte ich Boris.<br \/>\n\u00bbIch habe noch sowas wie ein Handger\u00e4t meines Transporters. Ich zeig ihn Dir, wenn wir schlafen gehen.\u00ab<br \/>\nAnja betrachtet Boris kritisch. \u00bbIch kann Dir den Quatsch immer noch nicht ganz abnehmen. Erkl\u00e4r mir doch bitte, auf welchen Theorien Deine Erfindung beruht.\u00ab<br \/>\nBoris st\u00f6hnte. Er blickte uns an, als wolle er einem Hund das Zeitunglesen beibringen.<br \/>\n\u00bbAlles geht zur\u00fcck auf die Entdeckung der Quantenphysik. Eigentlich begann es noch eher. Vor \u00fcber hundert Jahren entdeckten Forscher, durch die Brechung des Lichts am Doppelspalt, dass Licht sich in Wellen ausbreitet, genauso wie die Wellen auf einer Wasseroberfl\u00e4che. Dies wurde als gro\u00dfe Erkenntnis gefeiert, bis einige Leute, darunter auch Einstein und Planck behaupteten, dass Lichtstrahlen aus Teilchen aufgebaut werden m\u00fcssen. Sie belegten dies z.B. durch die Beobachtung am schwarzen Strahler.<br \/>\nEs gab gro\u00dfe Dispute, in denen die Verfechter von Wellen und die von Teilchen einander gegenseitig beleidigten.<br \/>\nDe Broglies postulierte, da er dem Streit endg\u00fcltig ein Ende setzten wollte, die die kleine Gemeinschaft der Wissenschaftler spaltete, dass Lichtstrahlen sowohl Teilchen wie auch Strahlen sind. Beide Seiten hatten gewonnen. Damit beendete er zwar den Streit, machte die Lage allerdings nicht einfacher.<br \/>\nDie gro\u00dfen Denker machten sich jetzt dar\u00fcber Gedanken, welche Materie in Wirklichkeit auch einen Wellencharakter haben k\u00f6nnten. Sie wollten wissen, wie Atome aufgebaut sind, kamen mit den Ergebnissen ihrer Experimente allerdings nicht ganz klar.<br \/>\nSchr\u00f6dinger kam w\u00e4hrend einer Ski-Freizeit &#8211; manche Menschen k\u00f6nnen wirklich schwer abschalten &#8211; eine Formel in den Sinn, die das Problem beschreiben k\u00f6nnte. Die Formel war super, da sie viele Beobachtung erkl\u00e4rte, hatte jedoch einen Haken: Sie war nicht l\u00f6sbar. Irgend ein Schwachsinn blieb immer \u00fcbrig, egal wie man es dreht oder wendete.<br \/>\nHeisenberg leitete aus der Formel seine Unsch\u00e4rferelation ab. Um diese zu Erkl\u00e4ren kam erneut Schr\u00f6dinger auf eine dumme Idee. Er erkl\u00e4rte sie mit einem Gedankenexperiment.<br \/>\nIn einem Karton sitzt eine Katze. Neben der Katze steht ein Gift, welches jederzeit die Katze t\u00f6ten kann. Solange man den Karton nicht \u00f6ffnet und hineinschaut, ist die Katze f\u00fcr den Au\u00dfenstehenden weder lebendig noch tot. Er kann es nicht wissen, solange er nicht hineinblickt. Wenn er es allerdings tut, hat die Katze einen bestimmten Zustand. Man kann sich allerdings nicht erkl\u00e4ren, wie sie es bisher geschafft hat, das Gift zu umgehen.<br \/>\nSchr\u00f6dinger wurde von Katzenliebhabern \u00fcbrigens bis zu seinem Tod angefeindet.<br \/>\nGenauso wie bei der Katze ist es auch bei kleinesten Teilchen. Sie sind f\u00fcr uns nicht fassbar. Entweder kennen wir ihren Ort, k\u00f6nnen dann allerdings nicht sehen, wie sie sich bewegen oder wir kennen ihre Bewegung, k\u00f6nnen daf\u00fcr allerdings nicht sagen, wo sie gerade sind.<br \/>\nDie ganze Misere ist ein Ergebnis der Formel, von der ich erz\u00e4hlte. Eine Formel, die nicht gel\u00f6st werden kann. Entweder berechnet man den Ort oder die Bewegung. Niemals beides gleichzeitig.<br \/>\nMit Materie kennen wir uns aus, da sie uns umgibt. Da Schwingungen allerdings gr\u00f6\u00dftenteils unsichtbar sind, fehlt uns hier die Erfahrung. Eine tolle Eigenschaft von Wellen ist, dass sie getunnelt werden k\u00f6nnen.<br \/>\nEs w\u00e4re so, als w\u00fcrden sie auf ein Hindernis treffen, es \u00fcberspringen und unbeschadet hinter ihm erscheinen. Wir k\u00f6nnen uns das wie einen Geist vorstellen, der durch T\u00fcre und W\u00e4nde gehen kann. Das wiederum k\u00f6nnen wir uns vorstellen, da das Radio z.B. auch in geschlossenen R\u00e4umen funktioniert. Die Radiowellen \u00fcberwinden Mauern, wobei ich hier stark vereinfache.<br \/>\nTats\u00e4chlich k\u00f6nnen wir feststellen, dass Wellen von einem Ort zum anderen springen, ohne dass sie jemals im Zwischenraum waren. Diesen Sprung nennt man Tunneln.<br \/>\nForscher fanden heraus, dass kleinste Teilchen dieselbe Eigenheit haben. Sie springen von a nach b ohne jemals im Raum dazwischen zu sein.<br \/>\nWas sich schneller als Licht bewegt, so sagt Einstein, ist auch schneller als die Zeit. Die Wellen kommen daher schneller am Punkt b an, als sie a verlassen. Ab hier h\u00e4ngt sich unser Gehirn dann auf.<br \/>\nForscher in Deutschland haben eine Symphonie von Mozart getunnelt. Leider konnten sie ihren Erfolg nicht belegen, da sie die Symphonie im Raum nicht mehr fanden. Sie war zwar am Punkt x verschwunden, \u203awo\u2039 oder besser \u203awann\u2039 sie jedoch aufgetaucht ist, wusste niemand. Ich pers\u00f6nlich glaube, dass die Symphonie einem gewissen Mozart vorgespielt wurde. Er hat in Wirklichkeit nur von sich selbst abgeschrieben!<br \/>\nDie Auswirkungen dieser \u00dcberlegungen sprengen auf jeden Fall unseren Kopf.<br \/>\nNeueste Berechnungen haben gezeigt, dass man die Schr\u00f6dinger Formel doch l\u00f6sen kann, wenn man die Zeit als komplexe Zahl einsetzt. Sie ist dann nicht mehr eindimensional. Sie besitz eine weitere Ebene. Auch dies k\u00f6nnen wir mit unserem Geist nicht begreifen.<br \/>\nDurch das Hinzuf\u00fcgen einer weiteren Ebene ist es m\u00f6glich, dass Teilchen gleichzeitig an zwei Orten sein k\u00f6nnen.<br \/>\nWir sind in unserer Welt so gefangen, wie eine Milbe, die auf einem Bett sitzt. Ihre Welt ist eben. Sie kennt kein \u203aOben\u2039 oder \u203aUnten\u2039. Die Milbe lebt in einer zweidimensionalen Realit\u00e4t.<br \/>\nWir kennen nur die lineare Zeit. Gelingt es der Milbe, die Ebene des Bettes zu verlassen, dann w\u00e4re fast alles m\u00f6glich. Sie k\u00f6nnte sich frei bewegen.<br \/>\nGenau das macht mein Ger\u00e4t. Es befreit uns von der Linearit\u00e4t der Zeit.\u00ab<\/p>\n","protected":false},"excerpt":{"rendered":"<p>Beim Abwasch stand ich erneut neben Boris am Sp\u00fclbecken. Ich hatte mich so sehr daran gew\u00f6hnt, Teller abzutrocknen. \u00bbWas planst Du? Was ist Dein Trumpf, von dem Du erz\u00e4hlt hast?\u00ab, fragte ich Boris. \u00bbIch habe noch sowas wie ein Handger\u00e4t meines Transporters. Ich zeig ihn Dir, wenn wir schlafen gehen.\u00ab Anja betrachtet Boris kritisch. \u00bbIch [&hellip;]<\/p>\n","protected":false},"author":1,"featured_media":3956,"comment_status":"closed","ping_status":"closed","sticky":false,"template":"","format":"standard","meta":{"_bbp_topic_count":0,"_bbp_reply_count":0,"_bbp_total_topic_count":0,"_bbp_total_reply_count":0,"_bbp_voice_count":0,"_bbp_anonymous_reply_count":0,"_bbp_topic_count_hidden":0,"_bbp_reply_count_hidden":0,"_bbp_forum_subforum_count":0,"episode_type":"","audio_file":"","cover_image":"","cover_image_id":"","duration":"","filesize":"","date_recorded":"","explicit":"","block":"","filesize_raw":""},"categories":[30,15],"tags":[],"yoast_head":"<!-- This site is optimized with the Yoast SEO plugin v18.2 - https:\/\/yoast.com\/wordpress\/plugins\/seo\/ -->\n<title>Die Relativit\u00e4t der Zeit - Das Archiv<\/title>\n<meta name=\"robots\" content=\"index, follow, max-snippet:-1, max-image-preview:large, max-video-preview:-1\" \/>\n<link rel=\"canonical\" href=\"http:\/\/sackingbob74.synology.me\/wordpress\/2017\/06\/09\/die-relativitaet-der-zeit\/\" \/>\n<meta property=\"og:locale\" content=\"de_DE\" \/>\n<meta property=\"og:type\" content=\"article\" \/>\n<meta property=\"og:title\" content=\"Die Relativit\u00e4t der Zeit - Das Archiv\" \/>\n<meta property=\"og:description\" content=\"Beim Abwasch stand ich erneut neben Boris am Sp\u00fclbecken. Ich hatte mich so sehr daran gew\u00f6hnt, Teller abzutrocknen. \u00bbWas planst Du? Was ist Dein Trumpf, von dem Du erz\u00e4hlt hast?\u00ab, fragte ich Boris. \u00bbIch habe noch sowas wie ein Handger\u00e4t meines Transporters. Ich zeig ihn Dir, wenn wir schlafen gehen.\u00ab Anja betrachtet Boris kritisch. \u00bbIch [&hellip;]\" \/>\n<meta property=\"og:url\" content=\"http:\/\/sackingbob74.synology.me\/wordpress\/2017\/06\/09\/die-relativitaet-der-zeit\/\" \/>\n<meta property=\"og:site_name\" content=\"Das Archiv\" \/>\n<meta property=\"article:publisher\" content=\"https:\/\/www.facebook.com\/SackingBob74\" \/>\n<meta property=\"article:author\" content=\"https:\/\/www.facebook.com\/SackingBob74\" \/>\n<meta property=\"article:published_time\" content=\"2017-06-09T15:30:00+00:00\" \/>\n<meta property=\"article:modified_time\" content=\"2021-12-20T12:54:01+00:00\" \/>\n<meta property=\"og:image\" content=\"http:\/\/sackingbob74.synology.me\/wordpress\/wp-content\/uploads\/2017\/05\/img_0669.jpg\" \/>\n\t<meta property=\"og:image:width\" content=\"2048\" \/>\n\t<meta property=\"og:image:height\" content=\"1024\" \/>\n\t<meta property=\"og:image:type\" content=\"image\/jpeg\" \/>\n<meta name=\"twitter:card\" content=\"summary_large_image\" \/>\n<meta name=\"twitter:creator\" content=\"@SackingBob74\" \/>\n<meta name=\"twitter:site\" content=\"@SackingBob74\" \/>\n<meta name=\"twitter:label1\" content=\"Verfasst von\" \/>\n\t<meta name=\"twitter:data1\" content=\"SackingBob74\" \/>\n\t<meta name=\"twitter:label2\" content=\"Gesch\u00e4tzte Lesezeit\" \/>\n\t<meta name=\"twitter:data2\" content=\"5 Minuten\" \/>\n<script type=\"application\/ld+json\" class=\"yoast-schema-graph\">{\"@context\":\"https:\/\/schema.org\",\"@graph\":[{\"@type\":\"WebSite\",\"@id\":\"http:\/\/sackingbob74.synology.me\/wordpress\/#website\",\"url\":\"http:\/\/sackingbob74.synology.me\/wordpress\/\",\"name\":\"Das Archiv\",\"description\":\"Die Welt des Doc SAC aka SackingBob74\",\"publisher\":{\"@id\":\"http:\/\/sackingbob74.synology.me\/wordpress\/#\/schema\/person\/b4e8c9800a43e3dd482a88f9b5c1f484\"},\"potentialAction\":[{\"@type\":\"SearchAction\",\"target\":{\"@type\":\"EntryPoint\",\"urlTemplate\":\"http:\/\/sackingbob74.synology.me\/wordpress\/?s={search_term_string}\"},\"query-input\":\"required name=search_term_string\"}],\"inLanguage\":\"de-DE\"},{\"@type\":\"ImageObject\",\"@id\":\"http:\/\/sackingbob74.synology.me\/wordpress\/2017\/06\/09\/die-relativitaet-der-zeit\/#primaryimage\",\"inLanguage\":\"de-DE\",\"url\":\"http:\/\/sackingbob74.synology.me\/wordpress\/wp-content\/uploads\/2017\/05\/img_0669.jpg\",\"contentUrl\":\"http:\/\/sackingbob74.synology.me\/wordpress\/wp-content\/uploads\/2017\/05\/img_0669.jpg\",\"width\":2048,\"height\":1024},{\"@type\":\"WebPage\",\"@id\":\"http:\/\/sackingbob74.synology.me\/wordpress\/2017\/06\/09\/die-relativitaet-der-zeit\/#webpage\",\"url\":\"http:\/\/sackingbob74.synology.me\/wordpress\/2017\/06\/09\/die-relativitaet-der-zeit\/\",\"name\":\"Die Relativit\u00e4t der Zeit - Das Archiv\",\"isPartOf\":{\"@id\":\"http:\/\/sackingbob74.synology.me\/wordpress\/#website\"},\"primaryImageOfPage\":{\"@id\":\"http:\/\/sackingbob74.synology.me\/wordpress\/2017\/06\/09\/die-relativitaet-der-zeit\/#primaryimage\"},\"datePublished\":\"2017-06-09T15:30:00+00:00\",\"dateModified\":\"2021-12-20T12:54:01+00:00\",\"breadcrumb\":{\"@id\":\"http:\/\/sackingbob74.synology.me\/wordpress\/2017\/06\/09\/die-relativitaet-der-zeit\/#breadcrumb\"},\"inLanguage\":\"de-DE\",\"potentialAction\":[{\"@type\":\"ReadAction\",\"target\":[\"http:\/\/sackingbob74.synology.me\/wordpress\/2017\/06\/09\/die-relativitaet-der-zeit\/\"]}]},{\"@type\":\"BreadcrumbList\",\"@id\":\"http:\/\/sackingbob74.synology.me\/wordpress\/2017\/06\/09\/die-relativitaet-der-zeit\/#breadcrumb\",\"itemListElement\":[{\"@type\":\"ListItem\",\"position\":1,\"name\":\"Startseite\",\"item\":\"http:\/\/sackingbob74.synology.me\/wordpress\/\"},{\"@type\":\"ListItem\",\"position\":2,\"name\":\"Die Relativit\u00e4t der Zeit\"}]},{\"@type\":\"Article\",\"@id\":\"http:\/\/sackingbob74.synology.me\/wordpress\/2017\/06\/09\/die-relativitaet-der-zeit\/#article\",\"isPartOf\":{\"@id\":\"http:\/\/sackingbob74.synology.me\/wordpress\/2017\/06\/09\/die-relativitaet-der-zeit\/#webpage\"},\"author\":{\"@id\":\"http:\/\/sackingbob74.synology.me\/wordpress\/#\/schema\/person\/b4e8c9800a43e3dd482a88f9b5c1f484\"},\"headline\":\"Die Relativit\u00e4t der Zeit\",\"datePublished\":\"2017-06-09T15:30:00+00:00\",\"dateModified\":\"2021-12-20T12:54:01+00:00\",\"mainEntityOfPage\":{\"@id\":\"http:\/\/sackingbob74.synology.me\/wordpress\/2017\/06\/09\/die-relativitaet-der-zeit\/#webpage\"},\"wordCount\":926,\"publisher\":{\"@id\":\"http:\/\/sackingbob74.synology.me\/wordpress\/#\/schema\/person\/b4e8c9800a43e3dd482a88f9b5c1f484\"},\"image\":{\"@id\":\"http:\/\/sackingbob74.synology.me\/wordpress\/2017\/06\/09\/die-relativitaet-der-zeit\/#primaryimage\"},\"thumbnailUrl\":\"http:\/\/sackingbob74.synology.me\/wordpress\/wp-content\/uploads\/2017\/05\/img_0669.jpg\",\"articleSection\":[\"2017\",\"Fr\u00fchling\"],\"inLanguage\":\"de-DE\"},{\"@type\":[\"Person\",\"Organization\"],\"@id\":\"http:\/\/sackingbob74.synology.me\/wordpress\/#\/schema\/person\/b4e8c9800a43e3dd482a88f9b5c1f484\",\"name\":\"SackingBob74\",\"image\":{\"@type\":\"ImageObject\",\"@id\":\"http:\/\/sackingbob74.synology.me\/wordpress\/#personlogo\",\"inLanguage\":\"de-DE\",\"url\":\"https:\/\/192.168.178.37\/wordpress\/wp-content\/uploads\/2017\/09\/e60748ec-bc11-4b2b-9771-d1736483a421-3010-000006f5be2e569f.jpg\",\"contentUrl\":\"https:\/\/192.168.178.37\/wordpress\/wp-content\/uploads\/2017\/09\/e60748ec-bc11-4b2b-9771-d1736483a421-3010-000006f5be2e569f.jpg\",\"width\":960,\"height\":1280,\"caption\":\"SackingBob74\"},\"logo\":{\"@id\":\"http:\/\/sackingbob74.synology.me\/wordpress\/#personlogo\"},\"description\":\"1974 in Dorsten geboren, entdeckte man fr\u00fch das fehlende sportliche Talent des Autors. \u00dcber Jahre erlernte er m\u00fchsam das Lesen und Schreiben, wobei er mit dem Letzteren immer seine Probleme hatte. Die Lehrer bescheinigten ihm ein hohes Ma\u00df an Fantasie und Flexibilit\u00e4t in der Rechtschreibung. Aus den oberen Gr\u00fcnden stand ihm lediglich der Zweig der Naturwissenschaften offen. Sein Werdegang wurde 2008 an Halloween mit einer Promotion in Chemie belohnt. Sein erstes Buch \u00bbNiedermolekulare Co-Kristallisation\u00ab erwies sich als Ladenh\u00fcter (Essener Uni-Bibliothek, wird wahrscheinlich z.Z. im unzug\u00e4nglichen Keller aufbewahrt). Um eine breitere \u00d6ffentlichkeit zu erreichen, beschloss der Autor, das Genre zu wechseln. Seit ein paar Jahren ver\u00f6ffentlicht er in seinem Blog &gt;SackingBob74.de&lt; Geschichten \u00fcber sich und die personalisierten Jahreszeiten. Er lebt mit seiner Familie in Gladbeck.\",\"sameAs\":[\"http:\/\/sackingbob74.synology.me\/wordpress\",\"https:\/\/www.facebook.com\/SackingBob74\",\"https:\/\/twitter.com\/SackingBob74\"],\"url\":\"http:\/\/sackingbob74.synology.me\/wordpress\/author\/sackingbob74\/\"}]}<\/script>\n<!-- \/ Yoast SEO plugin. -->","yoast_head_json":{"title":"Die Relativit\u00e4t der Zeit - Das Archiv","robots":{"index":"index","follow":"follow","max-snippet":"max-snippet:-1","max-image-preview":"max-image-preview:large","max-video-preview":"max-video-preview:-1"},"canonical":"http:\/\/sackingbob74.synology.me\/wordpress\/2017\/06\/09\/die-relativitaet-der-zeit\/","og_locale":"de_DE","og_type":"article","og_title":"Die Relativit\u00e4t der Zeit - Das Archiv","og_description":"Beim Abwasch stand ich erneut neben Boris am Sp\u00fclbecken. Ich hatte mich so sehr daran gew\u00f6hnt, Teller abzutrocknen. \u00bbWas planst Du? Was ist Dein Trumpf, von dem Du erz\u00e4hlt hast?\u00ab, fragte ich Boris. \u00bbIch habe noch sowas wie ein Handger\u00e4t meines Transporters. Ich zeig ihn Dir, wenn wir schlafen gehen.\u00ab Anja betrachtet Boris kritisch. \u00bbIch [&hellip;]","og_url":"http:\/\/sackingbob74.synology.me\/wordpress\/2017\/06\/09\/die-relativitaet-der-zeit\/","og_site_name":"Das Archiv","article_publisher":"https:\/\/www.facebook.com\/SackingBob74","article_author":"https:\/\/www.facebook.com\/SackingBob74","article_published_time":"2017-06-09T15:30:00+00:00","article_modified_time":"2021-12-20T12:54:01+00:00","og_image":[{"width":2048,"height":1024,"url":"http:\/\/sackingbob74.synology.me\/wordpress\/wp-content\/uploads\/2017\/05\/img_0669.jpg","type":"image\/jpeg"}],"twitter_card":"summary_large_image","twitter_creator":"@SackingBob74","twitter_site":"@SackingBob74","twitter_misc":{"Verfasst von":"SackingBob74","Gesch\u00e4tzte Lesezeit":"5 Minuten"},"schema":{"@context":"https:\/\/schema.org","@graph":[{"@type":"WebSite","@id":"http:\/\/sackingbob74.synology.me\/wordpress\/#website","url":"http:\/\/sackingbob74.synology.me\/wordpress\/","name":"Das Archiv","description":"Die Welt des Doc SAC aka SackingBob74","publisher":{"@id":"http:\/\/sackingbob74.synology.me\/wordpress\/#\/schema\/person\/b4e8c9800a43e3dd482a88f9b5c1f484"},"potentialAction":[{"@type":"SearchAction","target":{"@type":"EntryPoint","urlTemplate":"http:\/\/sackingbob74.synology.me\/wordpress\/?s={search_term_string}"},"query-input":"required name=search_term_string"}],"inLanguage":"de-DE"},{"@type":"ImageObject","@id":"http:\/\/sackingbob74.synology.me\/wordpress\/2017\/06\/09\/die-relativitaet-der-zeit\/#primaryimage","inLanguage":"de-DE","url":"http:\/\/sackingbob74.synology.me\/wordpress\/wp-content\/uploads\/2017\/05\/img_0669.jpg","contentUrl":"http:\/\/sackingbob74.synology.me\/wordpress\/wp-content\/uploads\/2017\/05\/img_0669.jpg","width":2048,"height":1024},{"@type":"WebPage","@id":"http:\/\/sackingbob74.synology.me\/wordpress\/2017\/06\/09\/die-relativitaet-der-zeit\/#webpage","url":"http:\/\/sackingbob74.synology.me\/wordpress\/2017\/06\/09\/die-relativitaet-der-zeit\/","name":"Die Relativit\u00e4t der Zeit - Das Archiv","isPartOf":{"@id":"http:\/\/sackingbob74.synology.me\/wordpress\/#website"},"primaryImageOfPage":{"@id":"http:\/\/sackingbob74.synology.me\/wordpress\/2017\/06\/09\/die-relativitaet-der-zeit\/#primaryimage"},"datePublished":"2017-06-09T15:30:00+00:00","dateModified":"2021-12-20T12:54:01+00:00","breadcrumb":{"@id":"http:\/\/sackingbob74.synology.me\/wordpress\/2017\/06\/09\/die-relativitaet-der-zeit\/#breadcrumb"},"inLanguage":"de-DE","potentialAction":[{"@type":"ReadAction","target":["http:\/\/sackingbob74.synology.me\/wordpress\/2017\/06\/09\/die-relativitaet-der-zeit\/"]}]},{"@type":"BreadcrumbList","@id":"http:\/\/sackingbob74.synology.me\/wordpress\/2017\/06\/09\/die-relativitaet-der-zeit\/#breadcrumb","itemListElement":[{"@type":"ListItem","position":1,"name":"Startseite","item":"http:\/\/sackingbob74.synology.me\/wordpress\/"},{"@type":"ListItem","position":2,"name":"Die Relativit\u00e4t der Zeit"}]},{"@type":"Article","@id":"http:\/\/sackingbob74.synology.me\/wordpress\/2017\/06\/09\/die-relativitaet-der-zeit\/#article","isPartOf":{"@id":"http:\/\/sackingbob74.synology.me\/wordpress\/2017\/06\/09\/die-relativitaet-der-zeit\/#webpage"},"author":{"@id":"http:\/\/sackingbob74.synology.me\/wordpress\/#\/schema\/person\/b4e8c9800a43e3dd482a88f9b5c1f484"},"headline":"Die Relativit\u00e4t der Zeit","datePublished":"2017-06-09T15:30:00+00:00","dateModified":"2021-12-20T12:54:01+00:00","mainEntityOfPage":{"@id":"http:\/\/sackingbob74.synology.me\/wordpress\/2017\/06\/09\/die-relativitaet-der-zeit\/#webpage"},"wordCount":926,"publisher":{"@id":"http:\/\/sackingbob74.synology.me\/wordpress\/#\/schema\/person\/b4e8c9800a43e3dd482a88f9b5c1f484"},"image":{"@id":"http:\/\/sackingbob74.synology.me\/wordpress\/2017\/06\/09\/die-relativitaet-der-zeit\/#primaryimage"},"thumbnailUrl":"http:\/\/sackingbob74.synology.me\/wordpress\/wp-content\/uploads\/2017\/05\/img_0669.jpg","articleSection":["2017","Fr\u00fchling"],"inLanguage":"de-DE"},{"@type":["Person","Organization"],"@id":"http:\/\/sackingbob74.synology.me\/wordpress\/#\/schema\/person\/b4e8c9800a43e3dd482a88f9b5c1f484","name":"SackingBob74","image":{"@type":"ImageObject","@id":"http:\/\/sackingbob74.synology.me\/wordpress\/#personlogo","inLanguage":"de-DE","url":"https:\/\/192.168.178.37\/wordpress\/wp-content\/uploads\/2017\/09\/e60748ec-bc11-4b2b-9771-d1736483a421-3010-000006f5be2e569f.jpg","contentUrl":"https:\/\/192.168.178.37\/wordpress\/wp-content\/uploads\/2017\/09\/e60748ec-bc11-4b2b-9771-d1736483a421-3010-000006f5be2e569f.jpg","width":960,"height":1280,"caption":"SackingBob74"},"logo":{"@id":"http:\/\/sackingbob74.synology.me\/wordpress\/#personlogo"},"description":"1974 in Dorsten geboren, entdeckte man fr\u00fch das fehlende sportliche Talent des Autors. \u00dcber Jahre erlernte er m\u00fchsam das Lesen und Schreiben, wobei er mit dem Letzteren immer seine Probleme hatte. Die Lehrer bescheinigten ihm ein hohes Ma\u00df an Fantasie und Flexibilit\u00e4t in der Rechtschreibung. Aus den oberen Gr\u00fcnden stand ihm lediglich der Zweig der Naturwissenschaften offen. Sein Werdegang wurde 2008 an Halloween mit einer Promotion in Chemie belohnt. Sein erstes Buch \u00bbNiedermolekulare Co-Kristallisation\u00ab erwies sich als Ladenh\u00fcter (Essener Uni-Bibliothek, wird wahrscheinlich z.Z. im unzug\u00e4nglichen Keller aufbewahrt). Um eine breitere \u00d6ffentlichkeit zu erreichen, beschloss der Autor, das Genre zu wechseln. Seit ein paar Jahren ver\u00f6ffentlicht er in seinem Blog &gt;SackingBob74.de&lt; Geschichten \u00fcber sich und die personalisierten Jahreszeiten. Er lebt mit seiner Familie in Gladbeck.","sameAs":["http:\/\/sackingbob74.synology.me\/wordpress","https:\/\/www.facebook.com\/SackingBob74","https:\/\/twitter.com\/SackingBob74"],"url":"http:\/\/sackingbob74.synology.me\/wordpress\/author\/sackingbob74\/"}]}},"_links":{"self":[{"href":"http:\/\/sackingbob74.synology.me\/wordpress\/wp-json\/wp\/v2\/posts\/3933"}],"collection":[{"href":"http:\/\/sackingbob74.synology.me\/wordpress\/wp-json\/wp\/v2\/posts"}],"about":[{"href":"http:\/\/sackingbob74.synology.me\/wordpress\/wp-json\/wp\/v2\/types\/post"}],"author":[{"embeddable":true,"href":"http:\/\/sackingbob74.synology.me\/wordpress\/wp-json\/wp\/v2\/users\/1"}],"replies":[{"embeddable":true,"href":"http:\/\/sackingbob74.synology.me\/wordpress\/wp-json\/wp\/v2\/comments?post=3933"}],"version-history":[{"count":1,"href":"http:\/\/sackingbob74.synology.me\/wordpress\/wp-json\/wp\/v2\/posts\/3933\/revisions"}],"predecessor-version":[{"id":4319,"href":"http:\/\/sackingbob74.synology.me\/wordpress\/wp-json\/wp\/v2\/posts\/3933\/revisions\/4319"}],"wp:featuredmedia":[{"embeddable":true,"href":"http:\/\/sackingbob74.synology.me\/wordpress\/wp-json\/wp\/v2\/media\/3956"}],"wp:attachment":[{"href":"http:\/\/sackingbob74.synology.me\/wordpress\/wp-json\/wp\/v2\/media?parent=3933"}],"wp:term":[{"taxonomy":"category","embeddable":true,"href":"http:\/\/sackingbob74.synology.me\/wordpress\/wp-json\/wp\/v2\/categories?post=3933"},{"taxonomy":"post_tag","embeddable":true,"href":"http:\/\/sackingbob74.synology.me\/wordpress\/wp-json\/wp\/v2\/tags?post=3933"}],"curies":[{"name":"wp","href":"https:\/\/api.w.org\/{rel}","templated":true}]}}