{"id":3830,"date":"2017-05-08T17:30:03","date_gmt":"2017-05-08T15:30:03","guid":{"rendered":"https:\/\/sackingbob74.wordpress.com\/?p=3830"},"modified":"2021-12-20T13:54:08","modified_gmt":"2021-12-20T12:54:08","slug":"die-maenner-in-schwarz-tag-4","status":"publish","type":"post","link":"http:\/\/sackingbob74.synology.me\/wordpress\/2017\/05\/08\/die-maenner-in-schwarz-tag-4\/","title":{"rendered":"Die M\u00e4nner in Schwarz Tag 4"},"content":{"rendered":"<p>Beim Mittagessen sah ich Boris und Anja erneut nur aus der Entfernung. Die kleine Dosis Sport am Vormittag hatte mir Energie geklaut. Die Nahrung vor mir wurde so schnell inhaliert, dass ich mich hinterher nicht einmal mehr daran erinnern konnte, was es \u00fcberhaupt gab.<br \/>\nAls ich den Speisesaal verlie\u00df, steckte mir Boris den Schl\u00fcssel zu. Er sagte, da ich bisher die besten Ergebnisse mit dem Ding erzielt hatte, sollte ich als Erster mein Geschick beweisen. Zum Gl\u00fcck bekam Anja nichts davon mit. Sie war nach der Mahlzeit mit dem Abr\u00e4umen besch\u00e4ftigt.<br \/>\nDas Thema der Bibelarbeit verga\u00df ich. Ich war so sehr damit besch\u00e4ftigt, den Schl\u00fcssel zusammenzusetzen.<br \/>\nImmer wieder fuhren Autos auf den Hof. Die Neuank\u00f6mmlinge begr\u00fc\u00dften sich und schwatzten lautstark, was meine Konzentration weiter st\u00f6rte.<br \/>\nZwischen den vielen Familienkutschen fuhr auch eine Limousine vor. Das Ding sah edler aus, als die anderen PKWs.<br \/>\nIch muss zugeben, dass ich nichts von Fahrzeugen im Allgemeinen verstehe. Dieses Modell war allerdings definitiv etwas Besonderes. Die Fenster waren abgedunkelt, die Farbe nachtschwarz. Der Luxusschlitten schien frisch gewaschen worden zu sein. Das Metall schluckte das Licht komplett. Nirgendwo waren Flecken oder Schmutz zu sehen. Das Ding sah wie ein bewegliches schwarzes Loch aus.<br \/>\nEs stiegen zwei schwarz gekleidete M\u00e4nner aus. Sie trugen Anz\u00fcge mit Krawatten. Ihre Kleidung war genauso schwarz wie ihr Wagen. Beide hatten Sonnenbrillen auf.<br \/>\nIch schaute zu Boris hin\u00fcber, der blass wirkte. Er hatte sich in die Ecke verkrochen und schirmte sein Gesicht mit der Bibel ab.<br \/>\nSchnell wendete ich mich zur\u00fcck zu den Besuchern. Die Zwei Typen, die im Hof bei den Parkpl\u00e4tzen standen, wirkten krank. Ihre Gesichter waren bleich. Sie waren vielleicht 50 Jahre oder \u00e4lter. Ihre Haare waren schneewei\u00df und sie hatten Falten um die Augen, soweit man das unter den Sonnenbrillen sehen konnte.<br \/>\nDer Eine klopfte sich seine Hose aus, w\u00e4hrend sich der Zweite eine Zigarette anz\u00fcndete. Mir wurde schlagartig schlecht. Noch klischeehafter h\u00e4tte man b\u00f6se Absichten nicht darstellen k\u00f6nnen. Nur \u00dcbelt\u00e4ter rauchen. Zumindest in der kleinen Enklave der Gemeinde und in James Bond Filmen.&nbsp;<br \/>\nHerr Berkowitz sah nach drau\u00dfen und r\u00fcmpfte die Nase. Er gab Siegfried ein Zeichen. Dann verlie\u00df er den Raum mit gro\u00dfen Schritten. Kurz darauf tauchte er drau\u00dfen auf.<br \/>\nGegen\u00fcber den beiden G\u00e4sten, wirkte er winzig. Die beiden sahen zu ihm hinab, als w\u00e4re er ein Insekt. Seine Stimme, die sich allerdings w\u00e4hrend des Gespr\u00e4ches mehrfach \u00fcberschlug, machte den Gr\u00f6\u00dfenunterschied wett. Offensichtlich hatte er ein Problem mit der Zigarette des Mannes.<br \/>\nIch konnte nicht genau h\u00f6ren, was er sagte, jedoch verriet seine Stimme, dass er nicht besonders wohlwollend mit den Besuchern umging. Seine Nasenfl\u00fcgel bl\u00e4hten sich auf. Ab und an w\u00f6lbte sich sein Hals nach au\u00dfen, wie die Wangen einer Kr\u00f6te. W\u00e4re er l\u00e4nger so geblieben, h\u00e4tte die Gefahr bestanden, dass er explodierte.<br \/>\nDer eine Besucher erhob ganz kurz seine Brille. Unter ihr blickten zwei blassblaue Augen auf unseren Heimleiter.<br \/>\nDie Anz\u00fcge der drei M\u00e4nner vor dem Fenster zeigten einen enormen Unterschied. W\u00e4hrend die beiden Neuen ganz gesch\u00e4ftlich und f\u00f6rmlich wirkten, schien Herr Berkowitz eher deplatziert.<br \/>\nDer Gr\u00f6\u00dfere der Wei\u00dfhaarigen sprach zwei S\u00e4tze zu seinem Kollegen. Dann stiegen die sie in ihren Wagen und fuhren los.<br \/>\nHerr Berkowitz kam wenig sp\u00e4ter zur\u00fcck. Er wirkte immer noch aufgebracht. Seine Augen wanderten zu Boris. F\u00fcr eine Sekunde sah es so aus, als wollte er etwas sagen. Anstatt dem Drang nachzugeben, setzte er sich neben Siegfried.<br \/>\nIch nickte in Boris Richtung, doch der sah mich nicht. Er hatte sich erneut hinter seiner Bibel versteckt und tat so als w\u00fcrde er darin lesen. Seine H\u00e4nde zitterten leicht.<\/p>\n","protected":false},"excerpt":{"rendered":"<p>Beim Mittagessen sah ich Boris und Anja erneut nur aus der Entfernung. Die kleine Dosis Sport am Vormittag hatte mir Energie geklaut. Die Nahrung vor mir wurde so schnell inhaliert, dass ich mich hinterher nicht einmal mehr daran erinnern konnte, was es \u00fcberhaupt gab. Als ich den Speisesaal verlie\u00df, steckte mir Boris den Schl\u00fcssel zu. [&hellip;]<\/p>\n","protected":false},"author":1,"featured_media":3390,"comment_status":"closed","ping_status":"closed","sticky":false,"template":"","format":"standard","meta":{"_bbp_topic_count":0,"_bbp_reply_count":0,"_bbp_total_topic_count":0,"_bbp_total_reply_count":0,"_bbp_voice_count":0,"_bbp_anonymous_reply_count":0,"_bbp_topic_count_hidden":0,"_bbp_reply_count_hidden":0,"_bbp_forum_subforum_count":0,"episode_type":"","audio_file":"","cover_image":"","cover_image_id":"","duration":"","filesize":"","date_recorded":"","explicit":"","block":"","filesize_raw":""},"categories":[30,15],"tags":[],"yoast_head":"<!-- This site is optimized with the Yoast SEO plugin v18.2 - https:\/\/yoast.com\/wordpress\/plugins\/seo\/ -->\n<title>Die M\u00e4nner in Schwarz Tag 4 - Das Archiv<\/title>\n<meta name=\"robots\" content=\"index, follow, max-snippet:-1, max-image-preview:large, max-video-preview:-1\" \/>\n<link rel=\"canonical\" href=\"http:\/\/sackingbob74.synology.me\/wordpress\/2017\/05\/08\/die-maenner-in-schwarz-tag-4\/\" \/>\n<meta property=\"og:locale\" content=\"de_DE\" \/>\n<meta property=\"og:type\" content=\"article\" \/>\n<meta property=\"og:title\" content=\"Die M\u00e4nner in Schwarz Tag 4 - Das Archiv\" \/>\n<meta property=\"og:description\" content=\"Beim Mittagessen sah ich Boris und Anja erneut nur aus der Entfernung. Die kleine Dosis Sport am Vormittag hatte mir Energie geklaut. Die Nahrung vor mir wurde so schnell inhaliert, dass ich mich hinterher nicht einmal mehr daran erinnern konnte, was es \u00fcberhaupt gab. Als ich den Speisesaal verlie\u00df, steckte mir Boris den Schl\u00fcssel zu. [&hellip;]\" \/>\n<meta property=\"og:url\" content=\"http:\/\/sackingbob74.synology.me\/wordpress\/2017\/05\/08\/die-maenner-in-schwarz-tag-4\/\" \/>\n<meta property=\"og:site_name\" content=\"Das Archiv\" \/>\n<meta property=\"article:publisher\" content=\"https:\/\/www.facebook.com\/SackingBob74\" \/>\n<meta property=\"article:author\" content=\"https:\/\/www.facebook.com\/SackingBob74\" \/>\n<meta property=\"article:published_time\" content=\"2017-05-08T15:30:03+00:00\" \/>\n<meta property=\"article:modified_time\" content=\"2021-12-20T12:54:08+00:00\" \/>\n<meta property=\"og:image\" content=\"http:\/\/sackingbob74.synology.me\/wordpress\/wp-content\/uploads\/2017\/03\/img_0631.jpg\" \/>\n\t<meta property=\"og:image:width\" content=\"2048\" \/>\n\t<meta property=\"og:image:height\" content=\"1024\" \/>\n\t<meta property=\"og:image:type\" content=\"image\/jpeg\" \/>\n<meta name=\"twitter:card\" content=\"summary_large_image\" \/>\n<meta name=\"twitter:creator\" content=\"@SackingBob74\" \/>\n<meta name=\"twitter:site\" content=\"@SackingBob74\" \/>\n<meta name=\"twitter:label1\" content=\"Verfasst von\" \/>\n\t<meta name=\"twitter:data1\" content=\"SackingBob74\" \/>\n\t<meta name=\"twitter:label2\" content=\"Gesch\u00e4tzte Lesezeit\" \/>\n\t<meta name=\"twitter:data2\" content=\"3 Minuten\" \/>\n<script type=\"application\/ld+json\" class=\"yoast-schema-graph\">{\"@context\":\"https:\/\/schema.org\",\"@graph\":[{\"@type\":\"WebSite\",\"@id\":\"https:\/\/sackingbob74.synology.me\/wordpress\/#website\",\"url\":\"https:\/\/sackingbob74.synology.me\/wordpress\/\",\"name\":\"Das Archiv\",\"description\":\"Die Welt des Doc SAC aka SackingBob74\",\"publisher\":{\"@id\":\"https:\/\/sackingbob74.synology.me\/wordpress\/#\/schema\/person\/b4e8c9800a43e3dd482a88f9b5c1f484\"},\"potentialAction\":[{\"@type\":\"SearchAction\",\"target\":{\"@type\":\"EntryPoint\",\"urlTemplate\":\"https:\/\/sackingbob74.synology.me\/wordpress\/?s={search_term_string}\"},\"query-input\":\"required name=search_term_string\"}],\"inLanguage\":\"de-DE\"},{\"@type\":\"ImageObject\",\"@id\":\"http:\/\/sackingbob74.synology.me\/wordpress\/2017\/05\/08\/die-maenner-in-schwarz-tag-4\/#primaryimage\",\"inLanguage\":\"de-DE\",\"url\":\"http:\/\/sackingbob74.synology.me\/wordpress\/wp-content\/uploads\/2017\/03\/img_0631.jpg\",\"contentUrl\":\"http:\/\/sackingbob74.synology.me\/wordpress\/wp-content\/uploads\/2017\/03\/img_0631.jpg\",\"width\":2048,\"height\":1024},{\"@type\":\"WebPage\",\"@id\":\"http:\/\/sackingbob74.synology.me\/wordpress\/2017\/05\/08\/die-maenner-in-schwarz-tag-4\/#webpage\",\"url\":\"http:\/\/sackingbob74.synology.me\/wordpress\/2017\/05\/08\/die-maenner-in-schwarz-tag-4\/\",\"name\":\"Die M\u00e4nner in Schwarz Tag 4 - Das Archiv\",\"isPartOf\":{\"@id\":\"https:\/\/sackingbob74.synology.me\/wordpress\/#website\"},\"primaryImageOfPage\":{\"@id\":\"http:\/\/sackingbob74.synology.me\/wordpress\/2017\/05\/08\/die-maenner-in-schwarz-tag-4\/#primaryimage\"},\"datePublished\":\"2017-05-08T15:30:03+00:00\",\"dateModified\":\"2021-12-20T12:54:08+00:00\",\"breadcrumb\":{\"@id\":\"http:\/\/sackingbob74.synology.me\/wordpress\/2017\/05\/08\/die-maenner-in-schwarz-tag-4\/#breadcrumb\"},\"inLanguage\":\"de-DE\",\"potentialAction\":[{\"@type\":\"ReadAction\",\"target\":[\"http:\/\/sackingbob74.synology.me\/wordpress\/2017\/05\/08\/die-maenner-in-schwarz-tag-4\/\"]}]},{\"@type\":\"BreadcrumbList\",\"@id\":\"http:\/\/sackingbob74.synology.me\/wordpress\/2017\/05\/08\/die-maenner-in-schwarz-tag-4\/#breadcrumb\",\"itemListElement\":[{\"@type\":\"ListItem\",\"position\":1,\"name\":\"Startseite\",\"item\":\"https:\/\/sackingbob74.synology.me\/wordpress\/\"},{\"@type\":\"ListItem\",\"position\":2,\"name\":\"Die M\u00e4nner in Schwarz Tag 4\"}]},{\"@type\":\"Article\",\"@id\":\"http:\/\/sackingbob74.synology.me\/wordpress\/2017\/05\/08\/die-maenner-in-schwarz-tag-4\/#article\",\"isPartOf\":{\"@id\":\"http:\/\/sackingbob74.synology.me\/wordpress\/2017\/05\/08\/die-maenner-in-schwarz-tag-4\/#webpage\"},\"author\":{\"@id\":\"https:\/\/sackingbob74.synology.me\/wordpress\/#\/schema\/person\/b4e8c9800a43e3dd482a88f9b5c1f484\"},\"headline\":\"Die M\u00e4nner in Schwarz Tag 4\",\"datePublished\":\"2017-05-08T15:30:03+00:00\",\"dateModified\":\"2021-12-20T12:54:08+00:00\",\"mainEntityOfPage\":{\"@id\":\"http:\/\/sackingbob74.synology.me\/wordpress\/2017\/05\/08\/die-maenner-in-schwarz-tag-4\/#webpage\"},\"wordCount\":647,\"publisher\":{\"@id\":\"https:\/\/sackingbob74.synology.me\/wordpress\/#\/schema\/person\/b4e8c9800a43e3dd482a88f9b5c1f484\"},\"image\":{\"@id\":\"http:\/\/sackingbob74.synology.me\/wordpress\/2017\/05\/08\/die-maenner-in-schwarz-tag-4\/#primaryimage\"},\"thumbnailUrl\":\"http:\/\/sackingbob74.synology.me\/wordpress\/wp-content\/uploads\/2017\/03\/img_0631.jpg\",\"articleSection\":[\"2017\",\"Fr\u00fchling\"],\"inLanguage\":\"de-DE\"},{\"@type\":[\"Person\",\"Organization\"],\"@id\":\"https:\/\/sackingbob74.synology.me\/wordpress\/#\/schema\/person\/b4e8c9800a43e3dd482a88f9b5c1f484\",\"name\":\"SackingBob74\",\"image\":{\"@type\":\"ImageObject\",\"@id\":\"https:\/\/sackingbob74.synology.me\/wordpress\/#personlogo\",\"inLanguage\":\"de-DE\",\"url\":\"https:\/\/192.168.178.37\/wordpress\/wp-content\/uploads\/2017\/09\/e60748ec-bc11-4b2b-9771-d1736483a421-3010-000006f5be2e569f.jpg\",\"contentUrl\":\"https:\/\/192.168.178.37\/wordpress\/wp-content\/uploads\/2017\/09\/e60748ec-bc11-4b2b-9771-d1736483a421-3010-000006f5be2e569f.jpg\",\"width\":960,\"height\":1280,\"caption\":\"SackingBob74\"},\"logo\":{\"@id\":\"https:\/\/sackingbob74.synology.me\/wordpress\/#personlogo\"},\"description\":\"1974 in Dorsten geboren, entdeckte man fr\u00fch das fehlende sportliche Talent des Autors. \u00dcber Jahre erlernte er m\u00fchsam das Lesen und Schreiben, wobei er mit dem Letzteren immer seine Probleme hatte. Die Lehrer bescheinigten ihm ein hohes Ma\u00df an Fantasie und Flexibilit\u00e4t in der Rechtschreibung. Aus den oberen Gr\u00fcnden stand ihm lediglich der Zweig der Naturwissenschaften offen. Sein Werdegang wurde 2008 an Halloween mit einer Promotion in Chemie belohnt. Sein erstes Buch \u00bbNiedermolekulare Co-Kristallisation\u00ab erwies sich als Ladenh\u00fcter (Essener Uni-Bibliothek, wird wahrscheinlich z.Z. im unzug\u00e4nglichen Keller aufbewahrt). Um eine breitere \u00d6ffentlichkeit zu erreichen, beschloss der Autor, das Genre zu wechseln. Seit ein paar Jahren ver\u00f6ffentlicht er in seinem Blog &gt;SackingBob74.de&lt; Geschichten \u00fcber sich und die personalisierten Jahreszeiten. Er lebt mit seiner Familie in Gladbeck.\",\"sameAs\":[\"http:\/\/sackingbob74.synology.me\/wordpress\",\"https:\/\/www.facebook.com\/SackingBob74\",\"https:\/\/twitter.com\/SackingBob74\"],\"url\":\"http:\/\/sackingbob74.synology.me\/wordpress\/author\/sackingbob74\/\"}]}<\/script>\n<!-- \/ Yoast SEO plugin. -->","yoast_head_json":{"title":"Die M\u00e4nner in Schwarz Tag 4 - Das Archiv","robots":{"index":"index","follow":"follow","max-snippet":"max-snippet:-1","max-image-preview":"max-image-preview:large","max-video-preview":"max-video-preview:-1"},"canonical":"http:\/\/sackingbob74.synology.me\/wordpress\/2017\/05\/08\/die-maenner-in-schwarz-tag-4\/","og_locale":"de_DE","og_type":"article","og_title":"Die M\u00e4nner in Schwarz Tag 4 - Das Archiv","og_description":"Beim Mittagessen sah ich Boris und Anja erneut nur aus der Entfernung. Die kleine Dosis Sport am Vormittag hatte mir Energie geklaut. Die Nahrung vor mir wurde so schnell inhaliert, dass ich mich hinterher nicht einmal mehr daran erinnern konnte, was es \u00fcberhaupt gab. Als ich den Speisesaal verlie\u00df, steckte mir Boris den Schl\u00fcssel zu. [&hellip;]","og_url":"http:\/\/sackingbob74.synology.me\/wordpress\/2017\/05\/08\/die-maenner-in-schwarz-tag-4\/","og_site_name":"Das Archiv","article_publisher":"https:\/\/www.facebook.com\/SackingBob74","article_author":"https:\/\/www.facebook.com\/SackingBob74","article_published_time":"2017-05-08T15:30:03+00:00","article_modified_time":"2021-12-20T12:54:08+00:00","og_image":[{"width":2048,"height":1024,"url":"http:\/\/sackingbob74.synology.me\/wordpress\/wp-content\/uploads\/2017\/03\/img_0631.jpg","type":"image\/jpeg"}],"twitter_card":"summary_large_image","twitter_creator":"@SackingBob74","twitter_site":"@SackingBob74","twitter_misc":{"Verfasst von":"SackingBob74","Gesch\u00e4tzte Lesezeit":"3 Minuten"},"schema":{"@context":"https:\/\/schema.org","@graph":[{"@type":"WebSite","@id":"https:\/\/sackingbob74.synology.me\/wordpress\/#website","url":"https:\/\/sackingbob74.synology.me\/wordpress\/","name":"Das Archiv","description":"Die Welt des Doc SAC aka SackingBob74","publisher":{"@id":"https:\/\/sackingbob74.synology.me\/wordpress\/#\/schema\/person\/b4e8c9800a43e3dd482a88f9b5c1f484"},"potentialAction":[{"@type":"SearchAction","target":{"@type":"EntryPoint","urlTemplate":"https:\/\/sackingbob74.synology.me\/wordpress\/?s={search_term_string}"},"query-input":"required name=search_term_string"}],"inLanguage":"de-DE"},{"@type":"ImageObject","@id":"http:\/\/sackingbob74.synology.me\/wordpress\/2017\/05\/08\/die-maenner-in-schwarz-tag-4\/#primaryimage","inLanguage":"de-DE","url":"http:\/\/sackingbob74.synology.me\/wordpress\/wp-content\/uploads\/2017\/03\/img_0631.jpg","contentUrl":"http:\/\/sackingbob74.synology.me\/wordpress\/wp-content\/uploads\/2017\/03\/img_0631.jpg","width":2048,"height":1024},{"@type":"WebPage","@id":"http:\/\/sackingbob74.synology.me\/wordpress\/2017\/05\/08\/die-maenner-in-schwarz-tag-4\/#webpage","url":"http:\/\/sackingbob74.synology.me\/wordpress\/2017\/05\/08\/die-maenner-in-schwarz-tag-4\/","name":"Die M\u00e4nner in Schwarz Tag 4 - Das Archiv","isPartOf":{"@id":"https:\/\/sackingbob74.synology.me\/wordpress\/#website"},"primaryImageOfPage":{"@id":"http:\/\/sackingbob74.synology.me\/wordpress\/2017\/05\/08\/die-maenner-in-schwarz-tag-4\/#primaryimage"},"datePublished":"2017-05-08T15:30:03+00:00","dateModified":"2021-12-20T12:54:08+00:00","breadcrumb":{"@id":"http:\/\/sackingbob74.synology.me\/wordpress\/2017\/05\/08\/die-maenner-in-schwarz-tag-4\/#breadcrumb"},"inLanguage":"de-DE","potentialAction":[{"@type":"ReadAction","target":["http:\/\/sackingbob74.synology.me\/wordpress\/2017\/05\/08\/die-maenner-in-schwarz-tag-4\/"]}]},{"@type":"BreadcrumbList","@id":"http:\/\/sackingbob74.synology.me\/wordpress\/2017\/05\/08\/die-maenner-in-schwarz-tag-4\/#breadcrumb","itemListElement":[{"@type":"ListItem","position":1,"name":"Startseite","item":"https:\/\/sackingbob74.synology.me\/wordpress\/"},{"@type":"ListItem","position":2,"name":"Die M\u00e4nner in Schwarz Tag 4"}]},{"@type":"Article","@id":"http:\/\/sackingbob74.synology.me\/wordpress\/2017\/05\/08\/die-maenner-in-schwarz-tag-4\/#article","isPartOf":{"@id":"http:\/\/sackingbob74.synology.me\/wordpress\/2017\/05\/08\/die-maenner-in-schwarz-tag-4\/#webpage"},"author":{"@id":"https:\/\/sackingbob74.synology.me\/wordpress\/#\/schema\/person\/b4e8c9800a43e3dd482a88f9b5c1f484"},"headline":"Die M\u00e4nner in Schwarz Tag 4","datePublished":"2017-05-08T15:30:03+00:00","dateModified":"2021-12-20T12:54:08+00:00","mainEntityOfPage":{"@id":"http:\/\/sackingbob74.synology.me\/wordpress\/2017\/05\/08\/die-maenner-in-schwarz-tag-4\/#webpage"},"wordCount":647,"publisher":{"@id":"https:\/\/sackingbob74.synology.me\/wordpress\/#\/schema\/person\/b4e8c9800a43e3dd482a88f9b5c1f484"},"image":{"@id":"http:\/\/sackingbob74.synology.me\/wordpress\/2017\/05\/08\/die-maenner-in-schwarz-tag-4\/#primaryimage"},"thumbnailUrl":"http:\/\/sackingbob74.synology.me\/wordpress\/wp-content\/uploads\/2017\/03\/img_0631.jpg","articleSection":["2017","Fr\u00fchling"],"inLanguage":"de-DE"},{"@type":["Person","Organization"],"@id":"https:\/\/sackingbob74.synology.me\/wordpress\/#\/schema\/person\/b4e8c9800a43e3dd482a88f9b5c1f484","name":"SackingBob74","image":{"@type":"ImageObject","@id":"https:\/\/sackingbob74.synology.me\/wordpress\/#personlogo","inLanguage":"de-DE","url":"https:\/\/192.168.178.37\/wordpress\/wp-content\/uploads\/2017\/09\/e60748ec-bc11-4b2b-9771-d1736483a421-3010-000006f5be2e569f.jpg","contentUrl":"https:\/\/192.168.178.37\/wordpress\/wp-content\/uploads\/2017\/09\/e60748ec-bc11-4b2b-9771-d1736483a421-3010-000006f5be2e569f.jpg","width":960,"height":1280,"caption":"SackingBob74"},"logo":{"@id":"https:\/\/sackingbob74.synology.me\/wordpress\/#personlogo"},"description":"1974 in Dorsten geboren, entdeckte man fr\u00fch das fehlende sportliche Talent des Autors. \u00dcber Jahre erlernte er m\u00fchsam das Lesen und Schreiben, wobei er mit dem Letzteren immer seine Probleme hatte. Die Lehrer bescheinigten ihm ein hohes Ma\u00df an Fantasie und Flexibilit\u00e4t in der Rechtschreibung. Aus den oberen Gr\u00fcnden stand ihm lediglich der Zweig der Naturwissenschaften offen. Sein Werdegang wurde 2008 an Halloween mit einer Promotion in Chemie belohnt. Sein erstes Buch \u00bbNiedermolekulare Co-Kristallisation\u00ab erwies sich als Ladenh\u00fcter (Essener Uni-Bibliothek, wird wahrscheinlich z.Z. im unzug\u00e4nglichen Keller aufbewahrt). Um eine breitere \u00d6ffentlichkeit zu erreichen, beschloss der Autor, das Genre zu wechseln. Seit ein paar Jahren ver\u00f6ffentlicht er in seinem Blog &gt;SackingBob74.de&lt; Geschichten \u00fcber sich und die personalisierten Jahreszeiten. Er lebt mit seiner Familie in Gladbeck.","sameAs":["http:\/\/sackingbob74.synology.me\/wordpress","https:\/\/www.facebook.com\/SackingBob74","https:\/\/twitter.com\/SackingBob74"],"url":"http:\/\/sackingbob74.synology.me\/wordpress\/author\/sackingbob74\/"}]}},"_links":{"self":[{"href":"http:\/\/sackingbob74.synology.me\/wordpress\/wp-json\/wp\/v2\/posts\/3830"}],"collection":[{"href":"http:\/\/sackingbob74.synology.me\/wordpress\/wp-json\/wp\/v2\/posts"}],"about":[{"href":"http:\/\/sackingbob74.synology.me\/wordpress\/wp-json\/wp\/v2\/types\/post"}],"author":[{"embeddable":true,"href":"http:\/\/sackingbob74.synology.me\/wordpress\/wp-json\/wp\/v2\/users\/1"}],"replies":[{"embeddable":true,"href":"http:\/\/sackingbob74.synology.me\/wordpress\/wp-json\/wp\/v2\/comments?post=3830"}],"version-history":[{"count":1,"href":"http:\/\/sackingbob74.synology.me\/wordpress\/wp-json\/wp\/v2\/posts\/3830\/revisions"}],"predecessor-version":[{"id":4357,"href":"http:\/\/sackingbob74.synology.me\/wordpress\/wp-json\/wp\/v2\/posts\/3830\/revisions\/4357"}],"wp:featuredmedia":[{"embeddable":true,"href":"http:\/\/sackingbob74.synology.me\/wordpress\/wp-json\/wp\/v2\/media\/3390"}],"wp:attachment":[{"href":"http:\/\/sackingbob74.synology.me\/wordpress\/wp-json\/wp\/v2\/media?parent=3830"}],"wp:term":[{"taxonomy":"category","embeddable":true,"href":"http:\/\/sackingbob74.synology.me\/wordpress\/wp-json\/wp\/v2\/categories?post=3830"},{"taxonomy":"post_tag","embeddable":true,"href":"http:\/\/sackingbob74.synology.me\/wordpress\/wp-json\/wp\/v2\/tags?post=3830"}],"curies":[{"name":"wp","href":"https:\/\/api.w.org\/{rel}","templated":true}]}}