{"id":3756,"date":"2017-05-02T17:30:16","date_gmt":"2017-05-02T15:30:16","guid":{"rendered":"https:\/\/sackingbob74.wordpress.com\/?p=3756"},"modified":"2021-12-20T13:54:08","modified_gmt":"2021-12-20T12:54:08","slug":"die-maenner-in-schwarz","status":"publish","type":"post","link":"http:\/\/sackingbob74.synology.me\/wordpress\/2017\/05\/02\/die-maenner-in-schwarz\/","title":{"rendered":"Die M\u00e4nner in Schwarz"},"content":{"rendered":"<p>Den Morgen \u00fcber wurden wir voneinander getrennt. Ich hatte kaum eine Chance, mich mit Anja oder Boris zu unterhalten. Selbst w\u00e4hrend der Bibelarbeit, die qu\u00e4lend langweilig dahinzog, waren wir in die drei Ecken des Raums verteilt.<br \/>\nAls ich zu Julia guckte, erntete ich nur einen absch\u00e4tzigen Blick. Anscheinend hatten die Ereignisse des gestrigen Abends sich schon rumgesprochen. Sie tuschelte angeregt mit ihren Freundinnen Sarah und Hanna, die ebenfalls immer wieder zu mir r\u00fcber schauten.<br \/>\nDie Geschichten von Jakob und Esau, die ich schon 100 Mal geh\u00f6rt hatten, interessierten mich an dem Tag einfach nicht. Sicherlich war der Trickbetr\u00fcger Jakob, den der Herr gegen\u00fcber seinem strebsamen Bruder bevorzugte, erneut ein treffliches Beispiel daf\u00fcr, dass Regelwidrigkeiten bei Gott gar nicht mal so schlimm sind. Jedoch glaubte ich nicht, dass Siegfried davon etwas wissen wollte.<br \/>\nW\u00e4hrend der Monolog auf uns niederprasselte, schaute ich nach drau\u00dfen. Dort fuhren mehrere schwarze Limousinen auf den Hinterhof.<br \/>\nSchnell sah ich zu Boris, der die Autos ebenfalls aufgefallen waren. Er rutschte in seinem Stuhl hinunter und sah blass aus.<br \/>\nAus den Autos stiegen allerdings nicht, wie erwartet, M\u00e4nner in schwarzen Anz\u00fcgen, sondern relativ normal gekleidete Menschen. Jedenfalls soweit man es normal nennt, wenn alles an ihnen irgendwie veraltet wirkt. Die meisten Kleidungsst\u00fccke sahen so aus, als h\u00e4tte man sie schon zu oft gewaschen oder preiswert eingekauft.<br \/>\nDie Frauen, die aus den Autos stiegen, hatten zu einem \u00fcberwiegendem Teil, lange R\u00f6cke an, die bis an den Boden reichten. Manche von ihnen hatten die Haare zu einem Dutt geformt und mit zwei spitzen Nadeln fixiert.<br \/>\nDie M\u00e4nner trugen Pullover, die schon in den 70gern als unmodisch galten.<br \/>\nSie gingen zu den Kofferr\u00e4umen ihrer Autos und holten kleinere und gr\u00f6\u00dfere schwarze Koffer heraus.<br \/>\nAnja lachte laut auf. Herr Berkowitz wirbelte zu ihr herum und sagte: \u00bbWas ist jetzt daran so witzig?\u00ab<br \/>\nMit einer Handbewegung nach drau\u00dfen sagte Anja: \u00bbIch habe nur daran gedacht, dass die Bl\u00e4serfreizeit heute Nachmittag anf\u00e4ngt.\u00ab<br \/>\nSiegfried l\u00e4chelte sanft. \u00bbDie gesegneten Kl\u00e4nge werden das Haus mit Musik f\u00fcllen. Ich mag Bl\u00e4sermusik auch sehr gerne und verstehe Deine Freude.\u00ab<br \/>\nAnja klatschte in die H\u00e4nde. \u00bbDas Haus wird \u00fcberf\u00fcllt sein mit fr\u00f6hlichen Menschen.\u00ab<br \/>\nIch verstand augenblicklich, was sie damit meinte. Allerdings konnte ich ihre Euphorie nicht teilen. Die Erwachsenen w\u00fcrden sicherlich bis in die Nacht wach sein. Ein Rausschleichen w\u00fcrde definitiv schwerer werden. Au\u00dferdem bestand immer die Gefahr, auf sp\u00e4te Spazierg\u00e4nger zu treffen. Allerdings k\u00f6nnten uns Herr Berkowitz und Siegfried in dem Tumult nicht immer im Auge haben. Wir h\u00e4tten also mehr Zeit f\u00fcr uns.<br \/>\nIch bemerkte ein Auto, welches ich kannte und rutschte jetzt selbst in meinem Sitz nach unten. Dem Auto entstieg eine mir sehr vertraute Person.<br \/>\nDort auf dem Parkplatz stand mein Onkel.<\/p>\n","protected":false},"excerpt":{"rendered":"<p>Den Morgen \u00fcber wurden wir voneinander getrennt. Ich hatte kaum eine Chance, mich mit Anja oder Boris zu unterhalten. Selbst w\u00e4hrend der Bibelarbeit, die qu\u00e4lend langweilig dahinzog, waren wir in die drei Ecken des Raums verteilt. Als ich zu Julia guckte, erntete ich nur einen absch\u00e4tzigen Blick. Anscheinend hatten die Ereignisse des gestrigen Abends sich [&hellip;]<\/p>\n","protected":false},"author":1,"featured_media":3390,"comment_status":"closed","ping_status":"closed","sticky":false,"template":"","format":"standard","meta":{"_bbp_topic_count":0,"_bbp_reply_count":0,"_bbp_total_topic_count":0,"_bbp_total_reply_count":0,"_bbp_voice_count":0,"_bbp_anonymous_reply_count":0,"_bbp_topic_count_hidden":0,"_bbp_reply_count_hidden":0,"_bbp_forum_subforum_count":0,"episode_type":"","audio_file":"","cover_image":"","cover_image_id":"","duration":"","filesize":"","date_recorded":"","explicit":"","block":"","filesize_raw":""},"categories":[30,15],"tags":[],"yoast_head":"<!-- This site is optimized with the Yoast SEO plugin v18.2 - https:\/\/yoast.com\/wordpress\/plugins\/seo\/ -->\n<title>Die M\u00e4nner in Schwarz - Das Archiv<\/title>\n<meta name=\"robots\" content=\"index, follow, max-snippet:-1, max-image-preview:large, max-video-preview:-1\" \/>\n<link rel=\"canonical\" href=\"http:\/\/sackingbob74.synology.me\/wordpress\/2017\/05\/02\/die-maenner-in-schwarz\/\" \/>\n<meta property=\"og:locale\" content=\"de_DE\" \/>\n<meta property=\"og:type\" content=\"article\" \/>\n<meta property=\"og:title\" content=\"Die M\u00e4nner in Schwarz - Das Archiv\" \/>\n<meta property=\"og:description\" content=\"Den Morgen \u00fcber wurden wir voneinander getrennt. Ich hatte kaum eine Chance, mich mit Anja oder Boris zu unterhalten. Selbst w\u00e4hrend der Bibelarbeit, die qu\u00e4lend langweilig dahinzog, waren wir in die drei Ecken des Raums verteilt. Als ich zu Julia guckte, erntete ich nur einen absch\u00e4tzigen Blick. Anscheinend hatten die Ereignisse des gestrigen Abends sich [&hellip;]\" \/>\n<meta property=\"og:url\" content=\"http:\/\/sackingbob74.synology.me\/wordpress\/2017\/05\/02\/die-maenner-in-schwarz\/\" \/>\n<meta property=\"og:site_name\" content=\"Das Archiv\" \/>\n<meta property=\"article:publisher\" content=\"https:\/\/www.facebook.com\/SackingBob74\" \/>\n<meta property=\"article:author\" content=\"https:\/\/www.facebook.com\/SackingBob74\" \/>\n<meta property=\"article:published_time\" content=\"2017-05-02T15:30:16+00:00\" \/>\n<meta property=\"article:modified_time\" content=\"2021-12-20T12:54:08+00:00\" \/>\n<meta property=\"og:image\" content=\"http:\/\/sackingbob74.synology.me\/wordpress\/wp-content\/uploads\/2017\/03\/img_0631.jpg\" \/>\n\t<meta property=\"og:image:width\" content=\"2048\" \/>\n\t<meta property=\"og:image:height\" content=\"1024\" \/>\n\t<meta property=\"og:image:type\" content=\"image\/jpeg\" \/>\n<meta name=\"twitter:card\" content=\"summary_large_image\" \/>\n<meta name=\"twitter:creator\" content=\"@SackingBob74\" \/>\n<meta name=\"twitter:site\" content=\"@SackingBob74\" \/>\n<meta name=\"twitter:label1\" content=\"Verfasst von\" \/>\n\t<meta name=\"twitter:data1\" content=\"SackingBob74\" \/>\n\t<meta name=\"twitter:label2\" content=\"Gesch\u00e4tzte Lesezeit\" \/>\n\t<meta name=\"twitter:data2\" content=\"2 Minuten\" \/>\n<script type=\"application\/ld+json\" class=\"yoast-schema-graph\">{\"@context\":\"https:\/\/schema.org\",\"@graph\":[{\"@type\":\"WebSite\",\"@id\":\"https:\/\/sackingbob74.synology.me\/wordpress\/#website\",\"url\":\"https:\/\/sackingbob74.synology.me\/wordpress\/\",\"name\":\"Das Archiv\",\"description\":\"Die Welt des Doc SAC aka SackingBob74\",\"publisher\":{\"@id\":\"https:\/\/sackingbob74.synology.me\/wordpress\/#\/schema\/person\/b4e8c9800a43e3dd482a88f9b5c1f484\"},\"potentialAction\":[{\"@type\":\"SearchAction\",\"target\":{\"@type\":\"EntryPoint\",\"urlTemplate\":\"https:\/\/sackingbob74.synology.me\/wordpress\/?s={search_term_string}\"},\"query-input\":\"required name=search_term_string\"}],\"inLanguage\":\"de-DE\"},{\"@type\":\"ImageObject\",\"@id\":\"http:\/\/sackingbob74.synology.me\/wordpress\/2017\/05\/02\/die-maenner-in-schwarz\/#primaryimage\",\"inLanguage\":\"de-DE\",\"url\":\"http:\/\/sackingbob74.synology.me\/wordpress\/wp-content\/uploads\/2017\/03\/img_0631.jpg\",\"contentUrl\":\"http:\/\/sackingbob74.synology.me\/wordpress\/wp-content\/uploads\/2017\/03\/img_0631.jpg\",\"width\":2048,\"height\":1024},{\"@type\":\"WebPage\",\"@id\":\"http:\/\/sackingbob74.synology.me\/wordpress\/2017\/05\/02\/die-maenner-in-schwarz\/#webpage\",\"url\":\"http:\/\/sackingbob74.synology.me\/wordpress\/2017\/05\/02\/die-maenner-in-schwarz\/\",\"name\":\"Die M\u00e4nner in Schwarz - Das Archiv\",\"isPartOf\":{\"@id\":\"https:\/\/sackingbob74.synology.me\/wordpress\/#website\"},\"primaryImageOfPage\":{\"@id\":\"http:\/\/sackingbob74.synology.me\/wordpress\/2017\/05\/02\/die-maenner-in-schwarz\/#primaryimage\"},\"datePublished\":\"2017-05-02T15:30:16+00:00\",\"dateModified\":\"2021-12-20T12:54:08+00:00\",\"breadcrumb\":{\"@id\":\"http:\/\/sackingbob74.synology.me\/wordpress\/2017\/05\/02\/die-maenner-in-schwarz\/#breadcrumb\"},\"inLanguage\":\"de-DE\",\"potentialAction\":[{\"@type\":\"ReadAction\",\"target\":[\"http:\/\/sackingbob74.synology.me\/wordpress\/2017\/05\/02\/die-maenner-in-schwarz\/\"]}]},{\"@type\":\"BreadcrumbList\",\"@id\":\"http:\/\/sackingbob74.synology.me\/wordpress\/2017\/05\/02\/die-maenner-in-schwarz\/#breadcrumb\",\"itemListElement\":[{\"@type\":\"ListItem\",\"position\":1,\"name\":\"Startseite\",\"item\":\"https:\/\/sackingbob74.synology.me\/wordpress\/\"},{\"@type\":\"ListItem\",\"position\":2,\"name\":\"Die M\u00e4nner in Schwarz\"}]},{\"@type\":\"Article\",\"@id\":\"http:\/\/sackingbob74.synology.me\/wordpress\/2017\/05\/02\/die-maenner-in-schwarz\/#article\",\"isPartOf\":{\"@id\":\"http:\/\/sackingbob74.synology.me\/wordpress\/2017\/05\/02\/die-maenner-in-schwarz\/#webpage\"},\"author\":{\"@id\":\"https:\/\/sackingbob74.synology.me\/wordpress\/#\/schema\/person\/b4e8c9800a43e3dd482a88f9b5c1f484\"},\"headline\":\"Die M\u00e4nner in Schwarz\",\"datePublished\":\"2017-05-02T15:30:16+00:00\",\"dateModified\":\"2021-12-20T12:54:08+00:00\",\"mainEntityOfPage\":{\"@id\":\"http:\/\/sackingbob74.synology.me\/wordpress\/2017\/05\/02\/die-maenner-in-schwarz\/#webpage\"},\"wordCount\":486,\"publisher\":{\"@id\":\"https:\/\/sackingbob74.synology.me\/wordpress\/#\/schema\/person\/b4e8c9800a43e3dd482a88f9b5c1f484\"},\"image\":{\"@id\":\"http:\/\/sackingbob74.synology.me\/wordpress\/2017\/05\/02\/die-maenner-in-schwarz\/#primaryimage\"},\"thumbnailUrl\":\"http:\/\/sackingbob74.synology.me\/wordpress\/wp-content\/uploads\/2017\/03\/img_0631.jpg\",\"articleSection\":[\"2017\",\"Fr\u00fchling\"],\"inLanguage\":\"de-DE\"},{\"@type\":[\"Person\",\"Organization\"],\"@id\":\"https:\/\/sackingbob74.synology.me\/wordpress\/#\/schema\/person\/b4e8c9800a43e3dd482a88f9b5c1f484\",\"name\":\"SackingBob74\",\"image\":{\"@type\":\"ImageObject\",\"@id\":\"https:\/\/sackingbob74.synology.me\/wordpress\/#personlogo\",\"inLanguage\":\"de-DE\",\"url\":\"https:\/\/192.168.178.37\/wordpress\/wp-content\/uploads\/2017\/09\/e60748ec-bc11-4b2b-9771-d1736483a421-3010-000006f5be2e569f.jpg\",\"contentUrl\":\"https:\/\/192.168.178.37\/wordpress\/wp-content\/uploads\/2017\/09\/e60748ec-bc11-4b2b-9771-d1736483a421-3010-000006f5be2e569f.jpg\",\"width\":960,\"height\":1280,\"caption\":\"SackingBob74\"},\"logo\":{\"@id\":\"https:\/\/sackingbob74.synology.me\/wordpress\/#personlogo\"},\"description\":\"1974 in Dorsten geboren, entdeckte man fr\u00fch das fehlende sportliche Talent des Autors. \u00dcber Jahre erlernte er m\u00fchsam das Lesen und Schreiben, wobei er mit dem Letzteren immer seine Probleme hatte. Die Lehrer bescheinigten ihm ein hohes Ma\u00df an Fantasie und Flexibilit\u00e4t in der Rechtschreibung. Aus den oberen Gr\u00fcnden stand ihm lediglich der Zweig der Naturwissenschaften offen. Sein Werdegang wurde 2008 an Halloween mit einer Promotion in Chemie belohnt. Sein erstes Buch \u00bbNiedermolekulare Co-Kristallisation\u00ab erwies sich als Ladenh\u00fcter (Essener Uni-Bibliothek, wird wahrscheinlich z.Z. im unzug\u00e4nglichen Keller aufbewahrt). Um eine breitere \u00d6ffentlichkeit zu erreichen, beschloss der Autor, das Genre zu wechseln. Seit ein paar Jahren ver\u00f6ffentlicht er in seinem Blog &gt;SackingBob74.de&lt; Geschichten \u00fcber sich und die personalisierten Jahreszeiten. Er lebt mit seiner Familie in Gladbeck.\",\"sameAs\":[\"http:\/\/sackingbob74.synology.me\/wordpress\",\"https:\/\/www.facebook.com\/SackingBob74\",\"https:\/\/twitter.com\/SackingBob74\"],\"url\":\"http:\/\/sackingbob74.synology.me\/wordpress\/author\/sackingbob74\/\"}]}<\/script>\n<!-- \/ Yoast SEO plugin. -->","yoast_head_json":{"title":"Die M\u00e4nner in Schwarz - Das Archiv","robots":{"index":"index","follow":"follow","max-snippet":"max-snippet:-1","max-image-preview":"max-image-preview:large","max-video-preview":"max-video-preview:-1"},"canonical":"http:\/\/sackingbob74.synology.me\/wordpress\/2017\/05\/02\/die-maenner-in-schwarz\/","og_locale":"de_DE","og_type":"article","og_title":"Die M\u00e4nner in Schwarz - Das Archiv","og_description":"Den Morgen \u00fcber wurden wir voneinander getrennt. Ich hatte kaum eine Chance, mich mit Anja oder Boris zu unterhalten. Selbst w\u00e4hrend der Bibelarbeit, die qu\u00e4lend langweilig dahinzog, waren wir in die drei Ecken des Raums verteilt. Als ich zu Julia guckte, erntete ich nur einen absch\u00e4tzigen Blick. Anscheinend hatten die Ereignisse des gestrigen Abends sich [&hellip;]","og_url":"http:\/\/sackingbob74.synology.me\/wordpress\/2017\/05\/02\/die-maenner-in-schwarz\/","og_site_name":"Das Archiv","article_publisher":"https:\/\/www.facebook.com\/SackingBob74","article_author":"https:\/\/www.facebook.com\/SackingBob74","article_published_time":"2017-05-02T15:30:16+00:00","article_modified_time":"2021-12-20T12:54:08+00:00","og_image":[{"width":2048,"height":1024,"url":"http:\/\/sackingbob74.synology.me\/wordpress\/wp-content\/uploads\/2017\/03\/img_0631.jpg","type":"image\/jpeg"}],"twitter_card":"summary_large_image","twitter_creator":"@SackingBob74","twitter_site":"@SackingBob74","twitter_misc":{"Verfasst von":"SackingBob74","Gesch\u00e4tzte Lesezeit":"2 Minuten"},"schema":{"@context":"https:\/\/schema.org","@graph":[{"@type":"WebSite","@id":"https:\/\/sackingbob74.synology.me\/wordpress\/#website","url":"https:\/\/sackingbob74.synology.me\/wordpress\/","name":"Das Archiv","description":"Die Welt des Doc SAC aka SackingBob74","publisher":{"@id":"https:\/\/sackingbob74.synology.me\/wordpress\/#\/schema\/person\/b4e8c9800a43e3dd482a88f9b5c1f484"},"potentialAction":[{"@type":"SearchAction","target":{"@type":"EntryPoint","urlTemplate":"https:\/\/sackingbob74.synology.me\/wordpress\/?s={search_term_string}"},"query-input":"required name=search_term_string"}],"inLanguage":"de-DE"},{"@type":"ImageObject","@id":"http:\/\/sackingbob74.synology.me\/wordpress\/2017\/05\/02\/die-maenner-in-schwarz\/#primaryimage","inLanguage":"de-DE","url":"http:\/\/sackingbob74.synology.me\/wordpress\/wp-content\/uploads\/2017\/03\/img_0631.jpg","contentUrl":"http:\/\/sackingbob74.synology.me\/wordpress\/wp-content\/uploads\/2017\/03\/img_0631.jpg","width":2048,"height":1024},{"@type":"WebPage","@id":"http:\/\/sackingbob74.synology.me\/wordpress\/2017\/05\/02\/die-maenner-in-schwarz\/#webpage","url":"http:\/\/sackingbob74.synology.me\/wordpress\/2017\/05\/02\/die-maenner-in-schwarz\/","name":"Die M\u00e4nner in Schwarz - Das Archiv","isPartOf":{"@id":"https:\/\/sackingbob74.synology.me\/wordpress\/#website"},"primaryImageOfPage":{"@id":"http:\/\/sackingbob74.synology.me\/wordpress\/2017\/05\/02\/die-maenner-in-schwarz\/#primaryimage"},"datePublished":"2017-05-02T15:30:16+00:00","dateModified":"2021-12-20T12:54:08+00:00","breadcrumb":{"@id":"http:\/\/sackingbob74.synology.me\/wordpress\/2017\/05\/02\/die-maenner-in-schwarz\/#breadcrumb"},"inLanguage":"de-DE","potentialAction":[{"@type":"ReadAction","target":["http:\/\/sackingbob74.synology.me\/wordpress\/2017\/05\/02\/die-maenner-in-schwarz\/"]}]},{"@type":"BreadcrumbList","@id":"http:\/\/sackingbob74.synology.me\/wordpress\/2017\/05\/02\/die-maenner-in-schwarz\/#breadcrumb","itemListElement":[{"@type":"ListItem","position":1,"name":"Startseite","item":"https:\/\/sackingbob74.synology.me\/wordpress\/"},{"@type":"ListItem","position":2,"name":"Die M\u00e4nner in Schwarz"}]},{"@type":"Article","@id":"http:\/\/sackingbob74.synology.me\/wordpress\/2017\/05\/02\/die-maenner-in-schwarz\/#article","isPartOf":{"@id":"http:\/\/sackingbob74.synology.me\/wordpress\/2017\/05\/02\/die-maenner-in-schwarz\/#webpage"},"author":{"@id":"https:\/\/sackingbob74.synology.me\/wordpress\/#\/schema\/person\/b4e8c9800a43e3dd482a88f9b5c1f484"},"headline":"Die M\u00e4nner in Schwarz","datePublished":"2017-05-02T15:30:16+00:00","dateModified":"2021-12-20T12:54:08+00:00","mainEntityOfPage":{"@id":"http:\/\/sackingbob74.synology.me\/wordpress\/2017\/05\/02\/die-maenner-in-schwarz\/#webpage"},"wordCount":486,"publisher":{"@id":"https:\/\/sackingbob74.synology.me\/wordpress\/#\/schema\/person\/b4e8c9800a43e3dd482a88f9b5c1f484"},"image":{"@id":"http:\/\/sackingbob74.synology.me\/wordpress\/2017\/05\/02\/die-maenner-in-schwarz\/#primaryimage"},"thumbnailUrl":"http:\/\/sackingbob74.synology.me\/wordpress\/wp-content\/uploads\/2017\/03\/img_0631.jpg","articleSection":["2017","Fr\u00fchling"],"inLanguage":"de-DE"},{"@type":["Person","Organization"],"@id":"https:\/\/sackingbob74.synology.me\/wordpress\/#\/schema\/person\/b4e8c9800a43e3dd482a88f9b5c1f484","name":"SackingBob74","image":{"@type":"ImageObject","@id":"https:\/\/sackingbob74.synology.me\/wordpress\/#personlogo","inLanguage":"de-DE","url":"https:\/\/192.168.178.37\/wordpress\/wp-content\/uploads\/2017\/09\/e60748ec-bc11-4b2b-9771-d1736483a421-3010-000006f5be2e569f.jpg","contentUrl":"https:\/\/192.168.178.37\/wordpress\/wp-content\/uploads\/2017\/09\/e60748ec-bc11-4b2b-9771-d1736483a421-3010-000006f5be2e569f.jpg","width":960,"height":1280,"caption":"SackingBob74"},"logo":{"@id":"https:\/\/sackingbob74.synology.me\/wordpress\/#personlogo"},"description":"1974 in Dorsten geboren, entdeckte man fr\u00fch das fehlende sportliche Talent des Autors. \u00dcber Jahre erlernte er m\u00fchsam das Lesen und Schreiben, wobei er mit dem Letzteren immer seine Probleme hatte. Die Lehrer bescheinigten ihm ein hohes Ma\u00df an Fantasie und Flexibilit\u00e4t in der Rechtschreibung. Aus den oberen Gr\u00fcnden stand ihm lediglich der Zweig der Naturwissenschaften offen. Sein Werdegang wurde 2008 an Halloween mit einer Promotion in Chemie belohnt. Sein erstes Buch \u00bbNiedermolekulare Co-Kristallisation\u00ab erwies sich als Ladenh\u00fcter (Essener Uni-Bibliothek, wird wahrscheinlich z.Z. im unzug\u00e4nglichen Keller aufbewahrt). Um eine breitere \u00d6ffentlichkeit zu erreichen, beschloss der Autor, das Genre zu wechseln. Seit ein paar Jahren ver\u00f6ffentlicht er in seinem Blog &gt;SackingBob74.de&lt; Geschichten \u00fcber sich und die personalisierten Jahreszeiten. Er lebt mit seiner Familie in Gladbeck.","sameAs":["http:\/\/sackingbob74.synology.me\/wordpress","https:\/\/www.facebook.com\/SackingBob74","https:\/\/twitter.com\/SackingBob74"],"url":"http:\/\/sackingbob74.synology.me\/wordpress\/author\/sackingbob74\/"}]}},"_links":{"self":[{"href":"http:\/\/sackingbob74.synology.me\/wordpress\/wp-json\/wp\/v2\/posts\/3756"}],"collection":[{"href":"http:\/\/sackingbob74.synology.me\/wordpress\/wp-json\/wp\/v2\/posts"}],"about":[{"href":"http:\/\/sackingbob74.synology.me\/wordpress\/wp-json\/wp\/v2\/types\/post"}],"author":[{"embeddable":true,"href":"http:\/\/sackingbob74.synology.me\/wordpress\/wp-json\/wp\/v2\/users\/1"}],"replies":[{"embeddable":true,"href":"http:\/\/sackingbob74.synology.me\/wordpress\/wp-json\/wp\/v2\/comments?post=3756"}],"version-history":[{"count":1,"href":"http:\/\/sackingbob74.synology.me\/wordpress\/wp-json\/wp\/v2\/posts\/3756\/revisions"}],"predecessor-version":[{"id":4363,"href":"http:\/\/sackingbob74.synology.me\/wordpress\/wp-json\/wp\/v2\/posts\/3756\/revisions\/4363"}],"wp:featuredmedia":[{"embeddable":true,"href":"http:\/\/sackingbob74.synology.me\/wordpress\/wp-json\/wp\/v2\/media\/3390"}],"wp:attachment":[{"href":"http:\/\/sackingbob74.synology.me\/wordpress\/wp-json\/wp\/v2\/media?parent=3756"}],"wp:term":[{"taxonomy":"category","embeddable":true,"href":"http:\/\/sackingbob74.synology.me\/wordpress\/wp-json\/wp\/v2\/categories?post=3756"},{"taxonomy":"post_tag","embeddable":true,"href":"http:\/\/sackingbob74.synology.me\/wordpress\/wp-json\/wp\/v2\/tags?post=3756"}],"curies":[{"name":"wp","href":"https:\/\/api.w.org\/{rel}","templated":true}]}}