{"id":277,"date":"2015-11-25T19:52:14","date_gmt":"2015-11-25T19:52:14","guid":{"rendered":"https:\/\/sackingbob74.wordpress.com\/?p=277"},"modified":"2021-12-20T13:59:20","modified_gmt":"2021-12-20T12:59:20","slug":"kurznotiz-an-herbst-wir-schaffen-es-oder-wollen-wir-nicht","status":"publish","type":"post","link":"http:\/\/sackingbob74.synology.me\/wordpress\/2015\/11\/25\/kurznotiz-an-herbst-wir-schaffen-es-oder-wollen-wir-nicht\/","title":{"rendered":"Kurznotiz an Herbst: Wir schaffen es oder wollen wir nicht?"},"content":{"rendered":"<p>Ich sagte: \u00bbAb und zu bekomme ich Ausschlag, wenn ich im Internet einige Kommentare lese.\u00ab<br \/>\nHerbst lachte trostlos auf und sagte: \u00bbEs ist sicherlich berechtigt, was sie sagen. Au\u00dferdem ist es ja ihre Meinung.\u00ab<br \/>\nIch sagte: \u00bbDu willst doch nur die Leute in Schutz nehmen.<br \/>\nDie gesamte Sippschaft, die sich als gute Christen f\u00fchlen, wenn sie ihr eigenes Land verteidigen.<br \/>\nSie rechtfertigen ihre Meinung mit dem Treffen von Jesus mit der der samaritischen Frau am Brunnen. Die Frau war am Mittag zum Brunnen gekommen, weil sie niemand anderen treffen wollte. Sie war so etwas wie ein Fl\u00fcchtling im eigenen Land.<br \/>\nDazu kam, dass sie nicht nur Ausl\u00e4nder, sondern auch andersgl\u00e4ubig, d.h. aus den Augen Jesus eine Ungl\u00e4ubige war.<br \/>\nJesus sieht diese Frau, die ja nichts anderes ist, als die Ausl\u00e4nder die uns gerade vermutlich \u00fcberrennen.<br \/>\nEr packt sie, st\u00f6\u00dft sie in den Brunnen und dr\u00fcckt so lange, bis sie sich nicht mehr wehrt.\u00ab<br \/>\nHerbst sagte: \u00bbIrgendwie erinnere ich mich anders an die Geschichte.\u00ab<br \/>\nIch sagte: \u00bbSonst passt sie doch nicht zu der Meinung dieser Leute.\u00ab<br \/>\nHerbst sagte: \u00bbAch komm schon, wir schaffen das doch nicht.\u00ab<br \/>\nIch sagte: \u00bbIch kann es nicht mehr h\u00f6ren. Wenn wir es nicht schaffen, wer schafft es denn?\u00ab<br \/>\nHerbst schwieg.<\/p>\n","protected":false},"excerpt":{"rendered":"<p>Ich sagte: \u00bbAb und zu bekomme ich Ausschlag, wenn ich im Internet einige Kommentare lese.\u00ab Herbst lachte trostlos auf und sagte: \u00bbEs ist sicherlich berechtigt, was sie sagen. Au\u00dferdem ist es ja ihre Meinung.\u00ab Ich sagte: \u00bbDu willst doch nur die Leute in Schutz nehmen. Die gesamte Sippschaft, die sich als gute Christen f\u00fchlen, wenn [&hellip;]<\/p>\n","protected":false},"author":1,"featured_media":0,"comment_status":"closed","ping_status":"closed","sticky":false,"template":"","format":"standard","meta":{"_bbp_topic_count":0,"_bbp_reply_count":0,"_bbp_total_topic_count":0,"_bbp_total_reply_count":0,"_bbp_voice_count":0,"_bbp_anonymous_reply_count":0,"_bbp_topic_count_hidden":0,"_bbp_reply_count_hidden":0,"_bbp_forum_subforum_count":0,"episode_type":"","audio_file":"","cover_image":"","cover_image_id":"","duration":"","filesize":"","date_recorded":"","explicit":"","block":"","filesize_raw":""},"categories":[16],"tags":[92,136],"yoast_head":"<!-- This site is optimized with the Yoast SEO plugin v18.2 - https:\/\/yoast.com\/wordpress\/plugins\/seo\/ -->\n<title>Kurznotiz an Herbst: Wir schaffen es oder wollen wir nicht? - Das Archiv<\/title>\n<meta name=\"robots\" content=\"index, follow, max-snippet:-1, max-image-preview:large, max-video-preview:-1\" \/>\n<link rel=\"canonical\" href=\"http:\/\/sackingbob74.synology.me\/wordpress\/2015\/11\/25\/kurznotiz-an-herbst-wir-schaffen-es-oder-wollen-wir-nicht\/\" \/>\n<meta property=\"og:locale\" content=\"de_DE\" \/>\n<meta property=\"og:type\" content=\"article\" \/>\n<meta property=\"og:title\" content=\"Kurznotiz an Herbst: Wir schaffen es oder wollen wir nicht? - Das Archiv\" \/>\n<meta property=\"og:description\" content=\"Ich sagte: \u00bbAb und zu bekomme ich Ausschlag, wenn ich im Internet einige Kommentare lese.\u00ab Herbst lachte trostlos auf und sagte: \u00bbEs ist sicherlich berechtigt, was sie sagen. Au\u00dferdem ist es ja ihre Meinung.\u00ab Ich sagte: \u00bbDu willst doch nur die Leute in Schutz nehmen. Die gesamte Sippschaft, die sich als gute Christen f\u00fchlen, wenn [&hellip;]\" \/>\n<meta property=\"og:url\" content=\"http:\/\/sackingbob74.synology.me\/wordpress\/2015\/11\/25\/kurznotiz-an-herbst-wir-schaffen-es-oder-wollen-wir-nicht\/\" \/>\n<meta property=\"og:site_name\" content=\"Das Archiv\" \/>\n<meta property=\"article:publisher\" content=\"https:\/\/www.facebook.com\/SackingBob74\" \/>\n<meta property=\"article:author\" content=\"https:\/\/www.facebook.com\/SackingBob74\" \/>\n<meta property=\"article:published_time\" content=\"2015-11-25T19:52:14+00:00\" \/>\n<meta property=\"article:modified_time\" content=\"2021-12-20T12:59:20+00:00\" \/>\n<meta name=\"twitter:card\" content=\"summary_large_image\" \/>\n<meta name=\"twitter:creator\" content=\"@SackingBob74\" \/>\n<meta name=\"twitter:site\" content=\"@SackingBob74\" \/>\n<meta name=\"twitter:label1\" content=\"Verfasst von\" \/>\n\t<meta name=\"twitter:data1\" content=\"SackingBob74\" \/>\n\t<meta name=\"twitter:label2\" content=\"Gesch\u00e4tzte Lesezeit\" \/>\n\t<meta name=\"twitter:data2\" content=\"1 Minute\" \/>\n<script type=\"application\/ld+json\" class=\"yoast-schema-graph\">{\"@context\":\"https:\/\/schema.org\",\"@graph\":[{\"@type\":\"WebSite\",\"@id\":\"https:\/\/sackingbob74.synology.me\/wordpress\/#website\",\"url\":\"https:\/\/sackingbob74.synology.me\/wordpress\/\",\"name\":\"Das Archiv\",\"description\":\"Die Welt des Doc SAC aka SackingBob74\",\"publisher\":{\"@id\":\"https:\/\/sackingbob74.synology.me\/wordpress\/#\/schema\/person\/b4e8c9800a43e3dd482a88f9b5c1f484\"},\"potentialAction\":[{\"@type\":\"SearchAction\",\"target\":{\"@type\":\"EntryPoint\",\"urlTemplate\":\"https:\/\/sackingbob74.synology.me\/wordpress\/?s={search_term_string}\"},\"query-input\":\"required name=search_term_string\"}],\"inLanguage\":\"de-DE\"},{\"@type\":\"WebPage\",\"@id\":\"http:\/\/sackingbob74.synology.me\/wordpress\/2015\/11\/25\/kurznotiz-an-herbst-wir-schaffen-es-oder-wollen-wir-nicht\/#webpage\",\"url\":\"http:\/\/sackingbob74.synology.me\/wordpress\/2015\/11\/25\/kurznotiz-an-herbst-wir-schaffen-es-oder-wollen-wir-nicht\/\",\"name\":\"Kurznotiz an Herbst: Wir schaffen es oder wollen wir nicht? - Das Archiv\",\"isPartOf\":{\"@id\":\"https:\/\/sackingbob74.synology.me\/wordpress\/#website\"},\"datePublished\":\"2015-11-25T19:52:14+00:00\",\"dateModified\":\"2021-12-20T12:59:20+00:00\",\"breadcrumb\":{\"@id\":\"http:\/\/sackingbob74.synology.me\/wordpress\/2015\/11\/25\/kurznotiz-an-herbst-wir-schaffen-es-oder-wollen-wir-nicht\/#breadcrumb\"},\"inLanguage\":\"de-DE\",\"potentialAction\":[{\"@type\":\"ReadAction\",\"target\":[\"http:\/\/sackingbob74.synology.me\/wordpress\/2015\/11\/25\/kurznotiz-an-herbst-wir-schaffen-es-oder-wollen-wir-nicht\/\"]}]},{\"@type\":\"BreadcrumbList\",\"@id\":\"http:\/\/sackingbob74.synology.me\/wordpress\/2015\/11\/25\/kurznotiz-an-herbst-wir-schaffen-es-oder-wollen-wir-nicht\/#breadcrumb\",\"itemListElement\":[{\"@type\":\"ListItem\",\"position\":1,\"name\":\"Startseite\",\"item\":\"https:\/\/sackingbob74.synology.me\/wordpress\/\"},{\"@type\":\"ListItem\",\"position\":2,\"name\":\"Kurznotiz an Herbst: Wir schaffen es oder wollen wir nicht?\"}]},{\"@type\":\"Article\",\"@id\":\"http:\/\/sackingbob74.synology.me\/wordpress\/2015\/11\/25\/kurznotiz-an-herbst-wir-schaffen-es-oder-wollen-wir-nicht\/#article\",\"isPartOf\":{\"@id\":\"http:\/\/sackingbob74.synology.me\/wordpress\/2015\/11\/25\/kurznotiz-an-herbst-wir-schaffen-es-oder-wollen-wir-nicht\/#webpage\"},\"author\":{\"@id\":\"https:\/\/sackingbob74.synology.me\/wordpress\/#\/schema\/person\/b4e8c9800a43e3dd482a88f9b5c1f484\"},\"headline\":\"Kurznotiz an Herbst: Wir schaffen es oder wollen wir nicht?\",\"datePublished\":\"2015-11-25T19:52:14+00:00\",\"dateModified\":\"2021-12-20T12:59:20+00:00\",\"mainEntityOfPage\":{\"@id\":\"http:\/\/sackingbob74.synology.me\/wordpress\/2015\/11\/25\/kurznotiz-an-herbst-wir-schaffen-es-oder-wollen-wir-nicht\/#webpage\"},\"wordCount\":225,\"publisher\":{\"@id\":\"https:\/\/sackingbob74.synology.me\/wordpress\/#\/schema\/person\/b4e8c9800a43e3dd482a88f9b5c1f484\"},\"keywords\":[\"Glosse\",\"Meinung\"],\"articleSection\":[\"Geschichten\"],\"inLanguage\":\"de-DE\"},{\"@type\":[\"Person\",\"Organization\"],\"@id\":\"https:\/\/sackingbob74.synology.me\/wordpress\/#\/schema\/person\/b4e8c9800a43e3dd482a88f9b5c1f484\",\"name\":\"SackingBob74\",\"image\":{\"@type\":\"ImageObject\",\"@id\":\"https:\/\/sackingbob74.synology.me\/wordpress\/#personlogo\",\"inLanguage\":\"de-DE\",\"url\":\"https:\/\/192.168.178.37\/wordpress\/wp-content\/uploads\/2017\/09\/e60748ec-bc11-4b2b-9771-d1736483a421-3010-000006f5be2e569f.jpg\",\"contentUrl\":\"https:\/\/192.168.178.37\/wordpress\/wp-content\/uploads\/2017\/09\/e60748ec-bc11-4b2b-9771-d1736483a421-3010-000006f5be2e569f.jpg\",\"width\":960,\"height\":1280,\"caption\":\"SackingBob74\"},\"logo\":{\"@id\":\"https:\/\/sackingbob74.synology.me\/wordpress\/#personlogo\"},\"description\":\"1974 in Dorsten geboren, entdeckte man fr\u00fch das fehlende sportliche Talent des Autors. \u00dcber Jahre erlernte er m\u00fchsam das Lesen und Schreiben, wobei er mit dem Letzteren immer seine Probleme hatte. Die Lehrer bescheinigten ihm ein hohes Ma\u00df an Fantasie und Flexibilit\u00e4t in der Rechtschreibung. Aus den oberen Gr\u00fcnden stand ihm lediglich der Zweig der Naturwissenschaften offen. Sein Werdegang wurde 2008 an Halloween mit einer Promotion in Chemie belohnt. Sein erstes Buch \u00bbNiedermolekulare Co-Kristallisation\u00ab erwies sich als Ladenh\u00fcter (Essener Uni-Bibliothek, wird wahrscheinlich z.Z. im unzug\u00e4nglichen Keller aufbewahrt). Um eine breitere \u00d6ffentlichkeit zu erreichen, beschloss der Autor, das Genre zu wechseln. Seit ein paar Jahren ver\u00f6ffentlicht er in seinem Blog &gt;SackingBob74.de&lt; Geschichten \u00fcber sich und die personalisierten Jahreszeiten. Er lebt mit seiner Familie in Gladbeck.\",\"sameAs\":[\"http:\/\/sackingbob74.synology.me\/wordpress\",\"https:\/\/www.facebook.com\/SackingBob74\",\"https:\/\/twitter.com\/SackingBob74\"],\"url\":\"http:\/\/sackingbob74.synology.me\/wordpress\/author\/sackingbob74\/\"}]}<\/script>\n<!-- \/ Yoast SEO plugin. -->","yoast_head_json":{"title":"Kurznotiz an Herbst: Wir schaffen es oder wollen wir nicht? - Das Archiv","robots":{"index":"index","follow":"follow","max-snippet":"max-snippet:-1","max-image-preview":"max-image-preview:large","max-video-preview":"max-video-preview:-1"},"canonical":"http:\/\/sackingbob74.synology.me\/wordpress\/2015\/11\/25\/kurznotiz-an-herbst-wir-schaffen-es-oder-wollen-wir-nicht\/","og_locale":"de_DE","og_type":"article","og_title":"Kurznotiz an Herbst: Wir schaffen es oder wollen wir nicht? - Das Archiv","og_description":"Ich sagte: \u00bbAb und zu bekomme ich Ausschlag, wenn ich im Internet einige Kommentare lese.\u00ab Herbst lachte trostlos auf und sagte: \u00bbEs ist sicherlich berechtigt, was sie sagen. Au\u00dferdem ist es ja ihre Meinung.\u00ab Ich sagte: \u00bbDu willst doch nur die Leute in Schutz nehmen. Die gesamte Sippschaft, die sich als gute Christen f\u00fchlen, wenn [&hellip;]","og_url":"http:\/\/sackingbob74.synology.me\/wordpress\/2015\/11\/25\/kurznotiz-an-herbst-wir-schaffen-es-oder-wollen-wir-nicht\/","og_site_name":"Das Archiv","article_publisher":"https:\/\/www.facebook.com\/SackingBob74","article_author":"https:\/\/www.facebook.com\/SackingBob74","article_published_time":"2015-11-25T19:52:14+00:00","article_modified_time":"2021-12-20T12:59:20+00:00","twitter_card":"summary_large_image","twitter_creator":"@SackingBob74","twitter_site":"@SackingBob74","twitter_misc":{"Verfasst von":"SackingBob74","Gesch\u00e4tzte Lesezeit":"1 Minute"},"schema":{"@context":"https:\/\/schema.org","@graph":[{"@type":"WebSite","@id":"https:\/\/sackingbob74.synology.me\/wordpress\/#website","url":"https:\/\/sackingbob74.synology.me\/wordpress\/","name":"Das Archiv","description":"Die Welt des Doc SAC aka SackingBob74","publisher":{"@id":"https:\/\/sackingbob74.synology.me\/wordpress\/#\/schema\/person\/b4e8c9800a43e3dd482a88f9b5c1f484"},"potentialAction":[{"@type":"SearchAction","target":{"@type":"EntryPoint","urlTemplate":"https:\/\/sackingbob74.synology.me\/wordpress\/?s={search_term_string}"},"query-input":"required name=search_term_string"}],"inLanguage":"de-DE"},{"@type":"WebPage","@id":"http:\/\/sackingbob74.synology.me\/wordpress\/2015\/11\/25\/kurznotiz-an-herbst-wir-schaffen-es-oder-wollen-wir-nicht\/#webpage","url":"http:\/\/sackingbob74.synology.me\/wordpress\/2015\/11\/25\/kurznotiz-an-herbst-wir-schaffen-es-oder-wollen-wir-nicht\/","name":"Kurznotiz an Herbst: Wir schaffen es oder wollen wir nicht? - Das Archiv","isPartOf":{"@id":"https:\/\/sackingbob74.synology.me\/wordpress\/#website"},"datePublished":"2015-11-25T19:52:14+00:00","dateModified":"2021-12-20T12:59:20+00:00","breadcrumb":{"@id":"http:\/\/sackingbob74.synology.me\/wordpress\/2015\/11\/25\/kurznotiz-an-herbst-wir-schaffen-es-oder-wollen-wir-nicht\/#breadcrumb"},"inLanguage":"de-DE","potentialAction":[{"@type":"ReadAction","target":["http:\/\/sackingbob74.synology.me\/wordpress\/2015\/11\/25\/kurznotiz-an-herbst-wir-schaffen-es-oder-wollen-wir-nicht\/"]}]},{"@type":"BreadcrumbList","@id":"http:\/\/sackingbob74.synology.me\/wordpress\/2015\/11\/25\/kurznotiz-an-herbst-wir-schaffen-es-oder-wollen-wir-nicht\/#breadcrumb","itemListElement":[{"@type":"ListItem","position":1,"name":"Startseite","item":"https:\/\/sackingbob74.synology.me\/wordpress\/"},{"@type":"ListItem","position":2,"name":"Kurznotiz an Herbst: Wir schaffen es oder wollen wir nicht?"}]},{"@type":"Article","@id":"http:\/\/sackingbob74.synology.me\/wordpress\/2015\/11\/25\/kurznotiz-an-herbst-wir-schaffen-es-oder-wollen-wir-nicht\/#article","isPartOf":{"@id":"http:\/\/sackingbob74.synology.me\/wordpress\/2015\/11\/25\/kurznotiz-an-herbst-wir-schaffen-es-oder-wollen-wir-nicht\/#webpage"},"author":{"@id":"https:\/\/sackingbob74.synology.me\/wordpress\/#\/schema\/person\/b4e8c9800a43e3dd482a88f9b5c1f484"},"headline":"Kurznotiz an Herbst: Wir schaffen es oder wollen wir nicht?","datePublished":"2015-11-25T19:52:14+00:00","dateModified":"2021-12-20T12:59:20+00:00","mainEntityOfPage":{"@id":"http:\/\/sackingbob74.synology.me\/wordpress\/2015\/11\/25\/kurznotiz-an-herbst-wir-schaffen-es-oder-wollen-wir-nicht\/#webpage"},"wordCount":225,"publisher":{"@id":"https:\/\/sackingbob74.synology.me\/wordpress\/#\/schema\/person\/b4e8c9800a43e3dd482a88f9b5c1f484"},"keywords":["Glosse","Meinung"],"articleSection":["Geschichten"],"inLanguage":"de-DE"},{"@type":["Person","Organization"],"@id":"https:\/\/sackingbob74.synology.me\/wordpress\/#\/schema\/person\/b4e8c9800a43e3dd482a88f9b5c1f484","name":"SackingBob74","image":{"@type":"ImageObject","@id":"https:\/\/sackingbob74.synology.me\/wordpress\/#personlogo","inLanguage":"de-DE","url":"https:\/\/192.168.178.37\/wordpress\/wp-content\/uploads\/2017\/09\/e60748ec-bc11-4b2b-9771-d1736483a421-3010-000006f5be2e569f.jpg","contentUrl":"https:\/\/192.168.178.37\/wordpress\/wp-content\/uploads\/2017\/09\/e60748ec-bc11-4b2b-9771-d1736483a421-3010-000006f5be2e569f.jpg","width":960,"height":1280,"caption":"SackingBob74"},"logo":{"@id":"https:\/\/sackingbob74.synology.me\/wordpress\/#personlogo"},"description":"1974 in Dorsten geboren, entdeckte man fr\u00fch das fehlende sportliche Talent des Autors. \u00dcber Jahre erlernte er m\u00fchsam das Lesen und Schreiben, wobei er mit dem Letzteren immer seine Probleme hatte. Die Lehrer bescheinigten ihm ein hohes Ma\u00df an Fantasie und Flexibilit\u00e4t in der Rechtschreibung. Aus den oberen Gr\u00fcnden stand ihm lediglich der Zweig der Naturwissenschaften offen. Sein Werdegang wurde 2008 an Halloween mit einer Promotion in Chemie belohnt. Sein erstes Buch \u00bbNiedermolekulare Co-Kristallisation\u00ab erwies sich als Ladenh\u00fcter (Essener Uni-Bibliothek, wird wahrscheinlich z.Z. im unzug\u00e4nglichen Keller aufbewahrt). Um eine breitere \u00d6ffentlichkeit zu erreichen, beschloss der Autor, das Genre zu wechseln. Seit ein paar Jahren ver\u00f6ffentlicht er in seinem Blog &gt;SackingBob74.de&lt; Geschichten \u00fcber sich und die personalisierten Jahreszeiten. Er lebt mit seiner Familie in Gladbeck.","sameAs":["http:\/\/sackingbob74.synology.me\/wordpress","https:\/\/www.facebook.com\/SackingBob74","https:\/\/twitter.com\/SackingBob74"],"url":"http:\/\/sackingbob74.synology.me\/wordpress\/author\/sackingbob74\/"}]}},"_links":{"self":[{"href":"http:\/\/sackingbob74.synology.me\/wordpress\/wp-json\/wp\/v2\/posts\/277"}],"collection":[{"href":"http:\/\/sackingbob74.synology.me\/wordpress\/wp-json\/wp\/v2\/posts"}],"about":[{"href":"http:\/\/sackingbob74.synology.me\/wordpress\/wp-json\/wp\/v2\/types\/post"}],"author":[{"embeddable":true,"href":"http:\/\/sackingbob74.synology.me\/wordpress\/wp-json\/wp\/v2\/users\/1"}],"replies":[{"embeddable":true,"href":"http:\/\/sackingbob74.synology.me\/wordpress\/wp-json\/wp\/v2\/comments?post=277"}],"version-history":[{"count":1,"href":"http:\/\/sackingbob74.synology.me\/wordpress\/wp-json\/wp\/v2\/posts\/277\/revisions"}],"predecessor-version":[{"id":4957,"href":"http:\/\/sackingbob74.synology.me\/wordpress\/wp-json\/wp\/v2\/posts\/277\/revisions\/4957"}],"wp:attachment":[{"href":"http:\/\/sackingbob74.synology.me\/wordpress\/wp-json\/wp\/v2\/media?parent=277"}],"wp:term":[{"taxonomy":"category","embeddable":true,"href":"http:\/\/sackingbob74.synology.me\/wordpress\/wp-json\/wp\/v2\/categories?post=277"},{"taxonomy":"post_tag","embeddable":true,"href":"http:\/\/sackingbob74.synology.me\/wordpress\/wp-json\/wp\/v2\/tags?post=277"}],"curies":[{"name":"wp","href":"https:\/\/api.w.org\/{rel}","templated":true}]}}