{"id":232,"date":"2015-11-19T18:16:48","date_gmt":"2015-11-19T18:16:48","guid":{"rendered":"https:\/\/sackingbob74.wordpress.com\/?p=232"},"modified":"2021-12-20T13:59:22","modified_gmt":"2021-12-20T12:59:22","slug":"kurznotiz-an-herbst-vorgeschriebene-trauer","status":"publish","type":"post","link":"http:\/\/sackingbob74.synology.me\/wordpress\/2015\/11\/19\/kurznotiz-an-herbst-vorgeschriebene-trauer\/","title":{"rendered":"Kurznotiz an Herbst: Vorgeschriebene Trauer"},"content":{"rendered":"<p>Heute hatte ich mich in einen schicken schwarzen Anzug geschmissen. Herbst sah mich \u00fcber den Tisch an und sagte: \u00bbWas ist los. Willst Du zu einer Beerdigung?\u00ab<br \/>\nIch sagte: \u00bbMir war nur gerade danach.\u00ab<br \/>\nAuf der anderen Seite h\u00f6rte ich ein langgezogenes \u203aMmmm\u2039. Dann sch\u00fcttelte Herbst den Kopf. Er hatte sich heute erneut in Farbe geschm\u00fcckt &#8211; alles erdige T\u00f6ne, aber definitiv f\u00fcr mich zu bunt.<br \/>\nIch sagte: \u00bbDein Modegeschmack ist mir zu etwas zu extrovertiert.\u00ab<br \/>\nHerbst sagte: \u00bbDeiner ist mir heute zu traurig.\u00ab<br \/>\nIch sagte, nur um ihm ein wenig den Wind aus dem Segeln zu nehmen: \u00bbTrauer ist doch im Moment \u203aen vogue\u2039. Wenn man sich im Internet umsieht, trauern doch immer tausende um andere. Manchmal geht es nur um eine verlorene Meinung, eine verlorene Diskussion oder \u00e4hnlich unn\u00fctzem Zeug.<br \/>\nNur selten ist man sich in seiner Trauer einig.\u00ab<br \/>\nHerbst sagte: \u00bbEs sollte doch Einigkeit bei einigen Dingen geben. Bei einem Anschlag zum Beispiel oder dem Tod einer gro\u00dfen Pers\u00f6nlichkeit muss Einigkeit gezeigt werden.\u00ab<br \/>\nDiesmal war es an mir, den Kopf zu sch\u00fctteln. Ich sagte traurig: \u00bbIm Zeitalter der Massenunterhaltung bekommt jeder Probleme, der nicht um die richtigen Sachen trauert. Und auch die Leute, die um die vermeintlich richtigen Begebenheiten trauern, bekommen von anderer Seite gesagt, dass ihre Trauer falsch ist.<br \/>\nIrgendwie kann man im Internet \u00fcber die pers\u00f6nliche Trauer diskutieren.\u00ab<\/p>\n","protected":false},"excerpt":{"rendered":"<p>Heute hatte ich mich in einen schicken schwarzen Anzug geschmissen. Herbst sah mich \u00fcber den Tisch an und sagte: \u00bbWas ist los. Willst Du zu einer Beerdigung?\u00ab Ich sagte: \u00bbMir war nur gerade danach.\u00ab Auf der anderen Seite h\u00f6rte ich ein langgezogenes \u203aMmmm\u2039. Dann sch\u00fcttelte Herbst den Kopf. Er hatte sich heute erneut in Farbe [&hellip;]<\/p>\n","protected":false},"author":1,"featured_media":0,"comment_status":"closed","ping_status":"closed","sticky":false,"template":"","format":"standard","meta":{"_bbp_topic_count":0,"_bbp_reply_count":0,"_bbp_total_topic_count":0,"_bbp_total_reply_count":0,"_bbp_voice_count":0,"_bbp_anonymous_reply_count":0,"_bbp_topic_count_hidden":0,"_bbp_reply_count_hidden":0,"_bbp_forum_subforum_count":0,"episode_type":"","audio_file":"","cover_image":"","cover_image_id":"","duration":"","filesize":"","date_recorded":"","explicit":"","block":"","filesize_raw":""},"categories":[16],"tags":[63,92,96,136,164],"yoast_head":"<!-- This site is optimized with the Yoast SEO plugin v18.2 - https:\/\/yoast.com\/wordpress\/plugins\/seo\/ -->\n<title>Kurznotiz an Herbst: Vorgeschriebene Trauer - Das Archiv<\/title>\n<meta name=\"robots\" content=\"index, follow, max-snippet:-1, max-image-preview:large, max-video-preview:-1\" \/>\n<link rel=\"canonical\" href=\"http:\/\/sackingbob74.synology.me\/wordpress\/2015\/11\/19\/kurznotiz-an-herbst-vorgeschriebene-trauer\/\" \/>\n<meta property=\"og:locale\" content=\"de_DE\" \/>\n<meta property=\"og:type\" content=\"article\" \/>\n<meta property=\"og:title\" content=\"Kurznotiz an Herbst: Vorgeschriebene Trauer - Das Archiv\" \/>\n<meta property=\"og:description\" content=\"Heute hatte ich mich in einen schicken schwarzen Anzug geschmissen. Herbst sah mich \u00fcber den Tisch an und sagte: \u00bbWas ist los. Willst Du zu einer Beerdigung?\u00ab Ich sagte: \u00bbMir war nur gerade danach.\u00ab Auf der anderen Seite h\u00f6rte ich ein langgezogenes \u203aMmmm\u2039. Dann sch\u00fcttelte Herbst den Kopf. Er hatte sich heute erneut in Farbe [&hellip;]\" \/>\n<meta property=\"og:url\" content=\"http:\/\/sackingbob74.synology.me\/wordpress\/2015\/11\/19\/kurznotiz-an-herbst-vorgeschriebene-trauer\/\" \/>\n<meta property=\"og:site_name\" content=\"Das Archiv\" \/>\n<meta property=\"article:publisher\" content=\"https:\/\/www.facebook.com\/SackingBob74\" \/>\n<meta property=\"article:author\" content=\"https:\/\/www.facebook.com\/SackingBob74\" \/>\n<meta property=\"article:published_time\" content=\"2015-11-19T18:16:48+00:00\" \/>\n<meta property=\"article:modified_time\" content=\"2021-12-20T12:59:22+00:00\" \/>\n<meta name=\"twitter:card\" content=\"summary_large_image\" \/>\n<meta name=\"twitter:creator\" content=\"@SackingBob74\" \/>\n<meta name=\"twitter:site\" content=\"@SackingBob74\" \/>\n<meta name=\"twitter:label1\" content=\"Verfasst von\" \/>\n\t<meta name=\"twitter:data1\" content=\"SackingBob74\" \/>\n\t<meta name=\"twitter:label2\" content=\"Gesch\u00e4tzte Lesezeit\" \/>\n\t<meta name=\"twitter:data2\" content=\"1 Minute\" \/>\n<script type=\"application\/ld+json\" class=\"yoast-schema-graph\">{\"@context\":\"https:\/\/schema.org\",\"@graph\":[{\"@type\":\"WebSite\",\"@id\":\"http:\/\/sackingbob74.synology.me\/wordpress\/#website\",\"url\":\"http:\/\/sackingbob74.synology.me\/wordpress\/\",\"name\":\"Das Archiv\",\"description\":\"Die Welt des Doc SAC aka SackingBob74\",\"publisher\":{\"@id\":\"http:\/\/sackingbob74.synology.me\/wordpress\/#\/schema\/person\/b4e8c9800a43e3dd482a88f9b5c1f484\"},\"potentialAction\":[{\"@type\":\"SearchAction\",\"target\":{\"@type\":\"EntryPoint\",\"urlTemplate\":\"http:\/\/sackingbob74.synology.me\/wordpress\/?s={search_term_string}\"},\"query-input\":\"required name=search_term_string\"}],\"inLanguage\":\"de-DE\"},{\"@type\":\"WebPage\",\"@id\":\"http:\/\/sackingbob74.synology.me\/wordpress\/2015\/11\/19\/kurznotiz-an-herbst-vorgeschriebene-trauer\/#webpage\",\"url\":\"http:\/\/sackingbob74.synology.me\/wordpress\/2015\/11\/19\/kurznotiz-an-herbst-vorgeschriebene-trauer\/\",\"name\":\"Kurznotiz an Herbst: Vorgeschriebene Trauer - Das Archiv\",\"isPartOf\":{\"@id\":\"http:\/\/sackingbob74.synology.me\/wordpress\/#website\"},\"datePublished\":\"2015-11-19T18:16:48+00:00\",\"dateModified\":\"2021-12-20T12:59:22+00:00\",\"breadcrumb\":{\"@id\":\"http:\/\/sackingbob74.synology.me\/wordpress\/2015\/11\/19\/kurznotiz-an-herbst-vorgeschriebene-trauer\/#breadcrumb\"},\"inLanguage\":\"de-DE\",\"potentialAction\":[{\"@type\":\"ReadAction\",\"target\":[\"http:\/\/sackingbob74.synology.me\/wordpress\/2015\/11\/19\/kurznotiz-an-herbst-vorgeschriebene-trauer\/\"]}]},{\"@type\":\"BreadcrumbList\",\"@id\":\"http:\/\/sackingbob74.synology.me\/wordpress\/2015\/11\/19\/kurznotiz-an-herbst-vorgeschriebene-trauer\/#breadcrumb\",\"itemListElement\":[{\"@type\":\"ListItem\",\"position\":1,\"name\":\"Startseite\",\"item\":\"http:\/\/sackingbob74.synology.me\/wordpress\/\"},{\"@type\":\"ListItem\",\"position\":2,\"name\":\"Kurznotiz an Herbst: Vorgeschriebene Trauer\"}]},{\"@type\":\"Article\",\"@id\":\"http:\/\/sackingbob74.synology.me\/wordpress\/2015\/11\/19\/kurznotiz-an-herbst-vorgeschriebene-trauer\/#article\",\"isPartOf\":{\"@id\":\"http:\/\/sackingbob74.synology.me\/wordpress\/2015\/11\/19\/kurznotiz-an-herbst-vorgeschriebene-trauer\/#webpage\"},\"author\":{\"@id\":\"http:\/\/sackingbob74.synology.me\/wordpress\/#\/schema\/person\/b4e8c9800a43e3dd482a88f9b5c1f484\"},\"headline\":\"Kurznotiz an Herbst: Vorgeschriebene Trauer\",\"datePublished\":\"2015-11-19T18:16:48+00:00\",\"dateModified\":\"2021-12-20T12:59:22+00:00\",\"mainEntityOfPage\":{\"@id\":\"http:\/\/sackingbob74.synology.me\/wordpress\/2015\/11\/19\/kurznotiz-an-herbst-vorgeschriebene-trauer\/#webpage\"},\"wordCount\":238,\"publisher\":{\"@id\":\"http:\/\/sackingbob74.synology.me\/wordpress\/#\/schema\/person\/b4e8c9800a43e3dd482a88f9b5c1f484\"},\"keywords\":[\"Deutsch\",\"Glosse\",\"Herbst\",\"Meinung\",\"schreiben\"],\"articleSection\":[\"Geschichten\"],\"inLanguage\":\"de-DE\"},{\"@type\":[\"Person\",\"Organization\"],\"@id\":\"http:\/\/sackingbob74.synology.me\/wordpress\/#\/schema\/person\/b4e8c9800a43e3dd482a88f9b5c1f484\",\"name\":\"SackingBob74\",\"image\":{\"@type\":\"ImageObject\",\"@id\":\"http:\/\/sackingbob74.synology.me\/wordpress\/#personlogo\",\"inLanguage\":\"de-DE\",\"url\":\"https:\/\/192.168.178.37\/wordpress\/wp-content\/uploads\/2017\/09\/e60748ec-bc11-4b2b-9771-d1736483a421-3010-000006f5be2e569f.jpg\",\"contentUrl\":\"https:\/\/192.168.178.37\/wordpress\/wp-content\/uploads\/2017\/09\/e60748ec-bc11-4b2b-9771-d1736483a421-3010-000006f5be2e569f.jpg\",\"width\":960,\"height\":1280,\"caption\":\"SackingBob74\"},\"logo\":{\"@id\":\"http:\/\/sackingbob74.synology.me\/wordpress\/#personlogo\"},\"description\":\"1974 in Dorsten geboren, entdeckte man fr\u00fch das fehlende sportliche Talent des Autors. \u00dcber Jahre erlernte er m\u00fchsam das Lesen und Schreiben, wobei er mit dem Letzteren immer seine Probleme hatte. Die Lehrer bescheinigten ihm ein hohes Ma\u00df an Fantasie und Flexibilit\u00e4t in der Rechtschreibung. Aus den oberen Gr\u00fcnden stand ihm lediglich der Zweig der Naturwissenschaften offen. Sein Werdegang wurde 2008 an Halloween mit einer Promotion in Chemie belohnt. Sein erstes Buch \u00bbNiedermolekulare Co-Kristallisation\u00ab erwies sich als Ladenh\u00fcter (Essener Uni-Bibliothek, wird wahrscheinlich z.Z. im unzug\u00e4nglichen Keller aufbewahrt). Um eine breitere \u00d6ffentlichkeit zu erreichen, beschloss der Autor, das Genre zu wechseln. Seit ein paar Jahren ver\u00f6ffentlicht er in seinem Blog &gt;SackingBob74.de&lt; Geschichten \u00fcber sich und die personalisierten Jahreszeiten. Er lebt mit seiner Familie in Gladbeck.\",\"sameAs\":[\"http:\/\/sackingbob74.synology.me\/wordpress\",\"https:\/\/www.facebook.com\/SackingBob74\",\"https:\/\/twitter.com\/SackingBob74\"],\"url\":\"http:\/\/sackingbob74.synology.me\/wordpress\/author\/sackingbob74\/\"}]}<\/script>\n<!-- \/ Yoast SEO plugin. -->","yoast_head_json":{"title":"Kurznotiz an Herbst: Vorgeschriebene Trauer - Das Archiv","robots":{"index":"index","follow":"follow","max-snippet":"max-snippet:-1","max-image-preview":"max-image-preview:large","max-video-preview":"max-video-preview:-1"},"canonical":"http:\/\/sackingbob74.synology.me\/wordpress\/2015\/11\/19\/kurznotiz-an-herbst-vorgeschriebene-trauer\/","og_locale":"de_DE","og_type":"article","og_title":"Kurznotiz an Herbst: Vorgeschriebene Trauer - Das Archiv","og_description":"Heute hatte ich mich in einen schicken schwarzen Anzug geschmissen. Herbst sah mich \u00fcber den Tisch an und sagte: \u00bbWas ist los. Willst Du zu einer Beerdigung?\u00ab Ich sagte: \u00bbMir war nur gerade danach.\u00ab Auf der anderen Seite h\u00f6rte ich ein langgezogenes \u203aMmmm\u2039. Dann sch\u00fcttelte Herbst den Kopf. Er hatte sich heute erneut in Farbe [&hellip;]","og_url":"http:\/\/sackingbob74.synology.me\/wordpress\/2015\/11\/19\/kurznotiz-an-herbst-vorgeschriebene-trauer\/","og_site_name":"Das Archiv","article_publisher":"https:\/\/www.facebook.com\/SackingBob74","article_author":"https:\/\/www.facebook.com\/SackingBob74","article_published_time":"2015-11-19T18:16:48+00:00","article_modified_time":"2021-12-20T12:59:22+00:00","twitter_card":"summary_large_image","twitter_creator":"@SackingBob74","twitter_site":"@SackingBob74","twitter_misc":{"Verfasst von":"SackingBob74","Gesch\u00e4tzte Lesezeit":"1 Minute"},"schema":{"@context":"https:\/\/schema.org","@graph":[{"@type":"WebSite","@id":"http:\/\/sackingbob74.synology.me\/wordpress\/#website","url":"http:\/\/sackingbob74.synology.me\/wordpress\/","name":"Das Archiv","description":"Die Welt des Doc SAC aka SackingBob74","publisher":{"@id":"http:\/\/sackingbob74.synology.me\/wordpress\/#\/schema\/person\/b4e8c9800a43e3dd482a88f9b5c1f484"},"potentialAction":[{"@type":"SearchAction","target":{"@type":"EntryPoint","urlTemplate":"http:\/\/sackingbob74.synology.me\/wordpress\/?s={search_term_string}"},"query-input":"required name=search_term_string"}],"inLanguage":"de-DE"},{"@type":"WebPage","@id":"http:\/\/sackingbob74.synology.me\/wordpress\/2015\/11\/19\/kurznotiz-an-herbst-vorgeschriebene-trauer\/#webpage","url":"http:\/\/sackingbob74.synology.me\/wordpress\/2015\/11\/19\/kurznotiz-an-herbst-vorgeschriebene-trauer\/","name":"Kurznotiz an Herbst: Vorgeschriebene Trauer - Das Archiv","isPartOf":{"@id":"http:\/\/sackingbob74.synology.me\/wordpress\/#website"},"datePublished":"2015-11-19T18:16:48+00:00","dateModified":"2021-12-20T12:59:22+00:00","breadcrumb":{"@id":"http:\/\/sackingbob74.synology.me\/wordpress\/2015\/11\/19\/kurznotiz-an-herbst-vorgeschriebene-trauer\/#breadcrumb"},"inLanguage":"de-DE","potentialAction":[{"@type":"ReadAction","target":["http:\/\/sackingbob74.synology.me\/wordpress\/2015\/11\/19\/kurznotiz-an-herbst-vorgeschriebene-trauer\/"]}]},{"@type":"BreadcrumbList","@id":"http:\/\/sackingbob74.synology.me\/wordpress\/2015\/11\/19\/kurznotiz-an-herbst-vorgeschriebene-trauer\/#breadcrumb","itemListElement":[{"@type":"ListItem","position":1,"name":"Startseite","item":"http:\/\/sackingbob74.synology.me\/wordpress\/"},{"@type":"ListItem","position":2,"name":"Kurznotiz an Herbst: Vorgeschriebene Trauer"}]},{"@type":"Article","@id":"http:\/\/sackingbob74.synology.me\/wordpress\/2015\/11\/19\/kurznotiz-an-herbst-vorgeschriebene-trauer\/#article","isPartOf":{"@id":"http:\/\/sackingbob74.synology.me\/wordpress\/2015\/11\/19\/kurznotiz-an-herbst-vorgeschriebene-trauer\/#webpage"},"author":{"@id":"http:\/\/sackingbob74.synology.me\/wordpress\/#\/schema\/person\/b4e8c9800a43e3dd482a88f9b5c1f484"},"headline":"Kurznotiz an Herbst: Vorgeschriebene Trauer","datePublished":"2015-11-19T18:16:48+00:00","dateModified":"2021-12-20T12:59:22+00:00","mainEntityOfPage":{"@id":"http:\/\/sackingbob74.synology.me\/wordpress\/2015\/11\/19\/kurznotiz-an-herbst-vorgeschriebene-trauer\/#webpage"},"wordCount":238,"publisher":{"@id":"http:\/\/sackingbob74.synology.me\/wordpress\/#\/schema\/person\/b4e8c9800a43e3dd482a88f9b5c1f484"},"keywords":["Deutsch","Glosse","Herbst","Meinung","schreiben"],"articleSection":["Geschichten"],"inLanguage":"de-DE"},{"@type":["Person","Organization"],"@id":"http:\/\/sackingbob74.synology.me\/wordpress\/#\/schema\/person\/b4e8c9800a43e3dd482a88f9b5c1f484","name":"SackingBob74","image":{"@type":"ImageObject","@id":"http:\/\/sackingbob74.synology.me\/wordpress\/#personlogo","inLanguage":"de-DE","url":"https:\/\/192.168.178.37\/wordpress\/wp-content\/uploads\/2017\/09\/e60748ec-bc11-4b2b-9771-d1736483a421-3010-000006f5be2e569f.jpg","contentUrl":"https:\/\/192.168.178.37\/wordpress\/wp-content\/uploads\/2017\/09\/e60748ec-bc11-4b2b-9771-d1736483a421-3010-000006f5be2e569f.jpg","width":960,"height":1280,"caption":"SackingBob74"},"logo":{"@id":"http:\/\/sackingbob74.synology.me\/wordpress\/#personlogo"},"description":"1974 in Dorsten geboren, entdeckte man fr\u00fch das fehlende sportliche Talent des Autors. \u00dcber Jahre erlernte er m\u00fchsam das Lesen und Schreiben, wobei er mit dem Letzteren immer seine Probleme hatte. Die Lehrer bescheinigten ihm ein hohes Ma\u00df an Fantasie und Flexibilit\u00e4t in der Rechtschreibung. Aus den oberen Gr\u00fcnden stand ihm lediglich der Zweig der Naturwissenschaften offen. Sein Werdegang wurde 2008 an Halloween mit einer Promotion in Chemie belohnt. Sein erstes Buch \u00bbNiedermolekulare Co-Kristallisation\u00ab erwies sich als Ladenh\u00fcter (Essener Uni-Bibliothek, wird wahrscheinlich z.Z. im unzug\u00e4nglichen Keller aufbewahrt). Um eine breitere \u00d6ffentlichkeit zu erreichen, beschloss der Autor, das Genre zu wechseln. Seit ein paar Jahren ver\u00f6ffentlicht er in seinem Blog &gt;SackingBob74.de&lt; Geschichten \u00fcber sich und die personalisierten Jahreszeiten. Er lebt mit seiner Familie in Gladbeck.","sameAs":["http:\/\/sackingbob74.synology.me\/wordpress","https:\/\/www.facebook.com\/SackingBob74","https:\/\/twitter.com\/SackingBob74"],"url":"http:\/\/sackingbob74.synology.me\/wordpress\/author\/sackingbob74\/"}]}},"_links":{"self":[{"href":"http:\/\/sackingbob74.synology.me\/wordpress\/wp-json\/wp\/v2\/posts\/232"}],"collection":[{"href":"http:\/\/sackingbob74.synology.me\/wordpress\/wp-json\/wp\/v2\/posts"}],"about":[{"href":"http:\/\/sackingbob74.synology.me\/wordpress\/wp-json\/wp\/v2\/types\/post"}],"author":[{"embeddable":true,"href":"http:\/\/sackingbob74.synology.me\/wordpress\/wp-json\/wp\/v2\/users\/1"}],"replies":[{"embeddable":true,"href":"http:\/\/sackingbob74.synology.me\/wordpress\/wp-json\/wp\/v2\/comments?post=232"}],"version-history":[{"count":1,"href":"http:\/\/sackingbob74.synology.me\/wordpress\/wp-json\/wp\/v2\/posts\/232\/revisions"}],"predecessor-version":[{"id":4964,"href":"http:\/\/sackingbob74.synology.me\/wordpress\/wp-json\/wp\/v2\/posts\/232\/revisions\/4964"}],"wp:attachment":[{"href":"http:\/\/sackingbob74.synology.me\/wordpress\/wp-json\/wp\/v2\/media?parent=232"}],"wp:term":[{"taxonomy":"category","embeddable":true,"href":"http:\/\/sackingbob74.synology.me\/wordpress\/wp-json\/wp\/v2\/categories?post=232"},{"taxonomy":"post_tag","embeddable":true,"href":"http:\/\/sackingbob74.synology.me\/wordpress\/wp-json\/wp\/v2\/tags?post=232"}],"curies":[{"name":"wp","href":"https:\/\/api.w.org\/{rel}","templated":true}]}}