{"id":2156,"date":"2016-09-22T17:30:06","date_gmt":"2016-09-22T15:30:06","guid":{"rendered":"https:\/\/sackingbob74.wordpress.com\/?p=2156"},"modified":"2021-12-20T13:56:38","modified_gmt":"2021-12-20T12:56:38","slug":"herbstanfang","status":"publish","type":"post","link":"http:\/\/sackingbob74.synology.me\/wordpress\/2016\/09\/22\/herbstanfang\/","title":{"rendered":"Kapitel 1: Das verlorene Land"},"content":{"rendered":"<p>Herbst blickte mich \u00fcber den Wohnzimmertisch aus an und sch\u00fcttelte den Kopf. Er sah genauso aus, wie ich ihn in Erinnerung hatte.&nbsp;<br \/>\nSein gut frisiertes Haar war streng nach rechts gek\u00e4mmt und seine Augen funkelten hinter den dicken Brillengl\u00e4sern einer Hornbrille. Zur Zierde hatte er sich \u00fcber den Sommer einen Schn\u00e4uzer wachsen lassen, der ihn um mindestens drei\u00dfig Jahre \u00e4lter wirken lie\u00df.<br \/>\nInsgesamt machte er auf mich den Eindruck eines Vorzeigemodells aus den 30ger Jahren des letzten Jahrhunderts: Blond, Blau\u00e4ugig und stark Begriffsstutzig.<br \/>\nDurch seine leicht ge\u00f6ffneten Lippen entwich ein h\u00f6rbares Zischen. Dann sagte er: \u00bbDas Land, in dem Du lebst, geht vor die Hunde.\u00ab<br \/>\nDas gleiche Gef\u00fchl hatte sich in mir schon lange verfestigt. Normalerweise neige ich dazu, zu solchen Gelegenheiten, die Arme \u00fcber den Kopf zu heben, mit ihnen zu winken und immer wieder mein Mantra \u00bbWir werden alle sterben\u00ab zu br\u00fcllen.<br \/>\nBei den Ereignissen der letzten Monate und meinem Gespr\u00e4chspartner, hielt ich dies allerdings f\u00fcr unangebracht.<br \/>\nDaher nickte ich nur einmal kurz und sagte: \u00bbLeider muss ich Dir recht geben.\u00ab<br \/>\nHerbst erhob die Augenbrauen. \u00bbSchon letztes Jahr wollte ich Dir das klarmachen, aber Du wolltest ja nicht h\u00f6ren.\u00ab<br \/>\n\u00bbVor einem Jahr hast Du davon gesprochen, das die Fl\u00fcchtlinge unser Land bedrohen. Ich bin jetzt allerdings eher der Meinung, dass die neofaschistischen und v\u00f6lkischen Flachpfeifen immer mehr Aufmerksamkeit gewinnen und langsam das Land \u00fcberrennen.\u00ab<br \/>\nDiesmal wirkte Herbst \u00fcberrascht. Er lehnte sich zur\u00fcck und sagte: \u00bbDie \u00dcbergriffe von Seiten der Fl\u00fcchtlinge kannst auch Du nicht wegdiskutieren.\u00ab<br \/>\n\u00bbUnd die \u00dcbergriffe von braunen Spinnern, die st\u00e4ndig an Zahl zulegen, kannst Du nicht ignorieren.\u00ab<br \/>\n\u00bbEs gibt auch \u00dcbergriffe von der linken Seite.\u00ab<br \/>\n\u00bbUnd damit kommen wir zu dem Problem: jeder pr\u00fcgelt auf jeden ein. Wir sind kurz davor, dass wir uns gegenseitig zerfleischen. Wahrscheinlich hat unser Volk beschlossen, dass wir durch einen kollektiven Selbstmord mehr Platz f\u00fcr andere schaffen k\u00f6nnen, was \u00fcbrigens eine noble Geste darstellt.\u00ab<br \/>\nMit einem Seufzer lie\u00df sich Herbst noch tiefer in die Kissen fallen. Er sch\u00fcttelte erneut seinen Kopf.<\/p>\n","protected":false},"excerpt":{"rendered":"<p>Herbst blickte mich \u00fcber den Wohnzimmertisch aus an und sch\u00fcttelte den Kopf. Er sah genauso aus, wie ich ihn in Erinnerung hatte.&nbsp; Sein gut frisiertes Haar war streng nach rechts gek\u00e4mmt und seine Augen funkelten hinter den dicken Brillengl\u00e4sern einer Hornbrille. Zur Zierde hatte er sich \u00fcber den Sommer einen Schn\u00e4uzer wachsen lassen, der ihn [&hellip;]<\/p>\n","protected":false},"author":1,"featured_media":2331,"comment_status":"closed","ping_status":"closed","sticky":false,"template":"","format":"standard","meta":{"_bbp_topic_count":0,"_bbp_reply_count":0,"_bbp_total_topic_count":0,"_bbp_total_reply_count":0,"_bbp_voice_count":0,"_bbp_anonymous_reply_count":0,"_bbp_topic_count_hidden":0,"_bbp_reply_count_hidden":0,"_bbp_forum_subforum_count":0,"episode_type":"","audio_file":"","cover_image":"","cover_image_id":"","duration":"","filesize":"","date_recorded":"","explicit":"","block":"","filesize_raw":""},"categories":[29,16],"tags":[63,77,90,96,98,164],"yoast_head":"<!-- This site is optimized with the Yoast SEO plugin v18.2 - https:\/\/yoast.com\/wordpress\/plugins\/seo\/ -->\n<title>Kapitel 1: Das verlorene Land - Das Archiv<\/title>\n<meta name=\"robots\" content=\"index, follow, max-snippet:-1, max-image-preview:large, max-video-preview:-1\" \/>\n<link rel=\"canonical\" href=\"http:\/\/sackingbob74.synology.me\/wordpress\/2016\/09\/22\/herbstanfang\/\" \/>\n<meta property=\"og:locale\" content=\"de_DE\" \/>\n<meta property=\"og:type\" content=\"article\" \/>\n<meta property=\"og:title\" content=\"Kapitel 1: Das verlorene Land - Das Archiv\" \/>\n<meta property=\"og:description\" content=\"Herbst blickte mich \u00fcber den Wohnzimmertisch aus an und sch\u00fcttelte den Kopf. Er sah genauso aus, wie ich ihn in Erinnerung hatte.&nbsp; Sein gut frisiertes Haar war streng nach rechts gek\u00e4mmt und seine Augen funkelten hinter den dicken Brillengl\u00e4sern einer Hornbrille. Zur Zierde hatte er sich \u00fcber den Sommer einen Schn\u00e4uzer wachsen lassen, der ihn [&hellip;]\" \/>\n<meta property=\"og:url\" content=\"http:\/\/sackingbob74.synology.me\/wordpress\/2016\/09\/22\/herbstanfang\/\" \/>\n<meta property=\"og:site_name\" content=\"Das Archiv\" \/>\n<meta property=\"article:publisher\" content=\"https:\/\/www.facebook.com\/SackingBob74\" \/>\n<meta property=\"article:author\" content=\"https:\/\/www.facebook.com\/SackingBob74\" \/>\n<meta property=\"article:published_time\" content=\"2016-09-22T15:30:06+00:00\" \/>\n<meta property=\"article:modified_time\" content=\"2021-12-20T12:56:38+00:00\" \/>\n<meta property=\"og:image\" content=\"http:\/\/sackingbob74.synology.me\/wordpress\/wp-content\/uploads\/2016\/09\/img_0502-1.jpg\" \/>\n\t<meta property=\"og:image:width\" content=\"768\" \/>\n\t<meta property=\"og:image:height\" content=\"432\" \/>\n\t<meta property=\"og:image:type\" content=\"image\/jpeg\" \/>\n<meta name=\"twitter:card\" content=\"summary_large_image\" \/>\n<meta name=\"twitter:creator\" content=\"@SackingBob74\" \/>\n<meta name=\"twitter:site\" content=\"@SackingBob74\" \/>\n<meta name=\"twitter:label1\" content=\"Verfasst von\" \/>\n\t<meta name=\"twitter:data1\" content=\"SackingBob74\" \/>\n\t<meta name=\"twitter:label2\" content=\"Gesch\u00e4tzte Lesezeit\" \/>\n\t<meta name=\"twitter:data2\" content=\"2 Minuten\" \/>\n<script type=\"application\/ld+json\" class=\"yoast-schema-graph\">{\"@context\":\"https:\/\/schema.org\",\"@graph\":[{\"@type\":\"WebSite\",\"@id\":\"https:\/\/sackingbob74.synology.me\/wordpress\/#website\",\"url\":\"https:\/\/sackingbob74.synology.me\/wordpress\/\",\"name\":\"Das Archiv\",\"description\":\"Die Welt des Doc SAC aka SackingBob74\",\"publisher\":{\"@id\":\"https:\/\/sackingbob74.synology.me\/wordpress\/#\/schema\/person\/b4e8c9800a43e3dd482a88f9b5c1f484\"},\"potentialAction\":[{\"@type\":\"SearchAction\",\"target\":{\"@type\":\"EntryPoint\",\"urlTemplate\":\"https:\/\/sackingbob74.synology.me\/wordpress\/?s={search_term_string}\"},\"query-input\":\"required name=search_term_string\"}],\"inLanguage\":\"de-DE\"},{\"@type\":\"ImageObject\",\"@id\":\"http:\/\/sackingbob74.synology.me\/wordpress\/2016\/09\/22\/herbstanfang\/#primaryimage\",\"inLanguage\":\"de-DE\",\"url\":\"http:\/\/sackingbob74.synology.me\/wordpress\/wp-content\/uploads\/2016\/09\/img_0502-1.jpg\",\"contentUrl\":\"http:\/\/sackingbob74.synology.me\/wordpress\/wp-content\/uploads\/2016\/09\/img_0502-1.jpg\",\"width\":768,\"height\":432},{\"@type\":\"WebPage\",\"@id\":\"http:\/\/sackingbob74.synology.me\/wordpress\/2016\/09\/22\/herbstanfang\/#webpage\",\"url\":\"http:\/\/sackingbob74.synology.me\/wordpress\/2016\/09\/22\/herbstanfang\/\",\"name\":\"Kapitel 1: Das verlorene Land - Das Archiv\",\"isPartOf\":{\"@id\":\"https:\/\/sackingbob74.synology.me\/wordpress\/#website\"},\"primaryImageOfPage\":{\"@id\":\"http:\/\/sackingbob74.synology.me\/wordpress\/2016\/09\/22\/herbstanfang\/#primaryimage\"},\"datePublished\":\"2016-09-22T15:30:06+00:00\",\"dateModified\":\"2021-12-20T12:56:38+00:00\",\"breadcrumb\":{\"@id\":\"http:\/\/sackingbob74.synology.me\/wordpress\/2016\/09\/22\/herbstanfang\/#breadcrumb\"},\"inLanguage\":\"de-DE\",\"potentialAction\":[{\"@type\":\"ReadAction\",\"target\":[\"http:\/\/sackingbob74.synology.me\/wordpress\/2016\/09\/22\/herbstanfang\/\"]}]},{\"@type\":\"BreadcrumbList\",\"@id\":\"http:\/\/sackingbob74.synology.me\/wordpress\/2016\/09\/22\/herbstanfang\/#breadcrumb\",\"itemListElement\":[{\"@type\":\"ListItem\",\"position\":1,\"name\":\"Startseite\",\"item\":\"https:\/\/sackingbob74.synology.me\/wordpress\/\"},{\"@type\":\"ListItem\",\"position\":2,\"name\":\"Kapitel 1: Das verlorene Land\"}]},{\"@type\":\"Article\",\"@id\":\"http:\/\/sackingbob74.synology.me\/wordpress\/2016\/09\/22\/herbstanfang\/#article\",\"isPartOf\":{\"@id\":\"http:\/\/sackingbob74.synology.me\/wordpress\/2016\/09\/22\/herbstanfang\/#webpage\"},\"author\":{\"@id\":\"https:\/\/sackingbob74.synology.me\/wordpress\/#\/schema\/person\/b4e8c9800a43e3dd482a88f9b5c1f484\"},\"headline\":\"Kapitel 1: Das verlorene Land\",\"datePublished\":\"2016-09-22T15:30:06+00:00\",\"dateModified\":\"2021-12-20T12:56:38+00:00\",\"mainEntityOfPage\":{\"@id\":\"http:\/\/sackingbob74.synology.me\/wordpress\/2016\/09\/22\/herbstanfang\/#webpage\"},\"wordCount\":358,\"publisher\":{\"@id\":\"https:\/\/sackingbob74.synology.me\/wordpress\/#\/schema\/person\/b4e8c9800a43e3dd482a88f9b5c1f484\"},\"image\":{\"@id\":\"http:\/\/sackingbob74.synology.me\/wordpress\/2016\/09\/22\/herbstanfang\/#primaryimage\"},\"thumbnailUrl\":\"http:\/\/sackingbob74.synology.me\/wordpress\/wp-content\/uploads\/2016\/09\/img_0502-1.jpg\",\"keywords\":[\"Deutsch\",\"Fiktion\",\"Geschichte\",\"Herbst\",\"Humor\",\"schreiben\"],\"articleSection\":[\"2016\",\"Geschichten\"],\"inLanguage\":\"de-DE\"},{\"@type\":[\"Person\",\"Organization\"],\"@id\":\"https:\/\/sackingbob74.synology.me\/wordpress\/#\/schema\/person\/b4e8c9800a43e3dd482a88f9b5c1f484\",\"name\":\"SackingBob74\",\"image\":{\"@type\":\"ImageObject\",\"@id\":\"https:\/\/sackingbob74.synology.me\/wordpress\/#personlogo\",\"inLanguage\":\"de-DE\",\"url\":\"https:\/\/192.168.178.37\/wordpress\/wp-content\/uploads\/2017\/09\/e60748ec-bc11-4b2b-9771-d1736483a421-3010-000006f5be2e569f.jpg\",\"contentUrl\":\"https:\/\/192.168.178.37\/wordpress\/wp-content\/uploads\/2017\/09\/e60748ec-bc11-4b2b-9771-d1736483a421-3010-000006f5be2e569f.jpg\",\"width\":960,\"height\":1280,\"caption\":\"SackingBob74\"},\"logo\":{\"@id\":\"https:\/\/sackingbob74.synology.me\/wordpress\/#personlogo\"},\"description\":\"1974 in Dorsten geboren, entdeckte man fr\u00fch das fehlende sportliche Talent des Autors. \u00dcber Jahre erlernte er m\u00fchsam das Lesen und Schreiben, wobei er mit dem Letzteren immer seine Probleme hatte. Die Lehrer bescheinigten ihm ein hohes Ma\u00df an Fantasie und Flexibilit\u00e4t in der Rechtschreibung. Aus den oberen Gr\u00fcnden stand ihm lediglich der Zweig der Naturwissenschaften offen. Sein Werdegang wurde 2008 an Halloween mit einer Promotion in Chemie belohnt. Sein erstes Buch \u00bbNiedermolekulare Co-Kristallisation\u00ab erwies sich als Ladenh\u00fcter (Essener Uni-Bibliothek, wird wahrscheinlich z.Z. im unzug\u00e4nglichen Keller aufbewahrt). Um eine breitere \u00d6ffentlichkeit zu erreichen, beschloss der Autor, das Genre zu wechseln. Seit ein paar Jahren ver\u00f6ffentlicht er in seinem Blog &gt;SackingBob74.de&lt; Geschichten \u00fcber sich und die personalisierten Jahreszeiten. Er lebt mit seiner Familie in Gladbeck.\",\"sameAs\":[\"http:\/\/sackingbob74.synology.me\/wordpress\",\"https:\/\/www.facebook.com\/SackingBob74\",\"https:\/\/twitter.com\/SackingBob74\"],\"url\":\"http:\/\/sackingbob74.synology.me\/wordpress\/author\/sackingbob74\/\"}]}<\/script>\n<!-- \/ Yoast SEO plugin. -->","yoast_head_json":{"title":"Kapitel 1: Das verlorene Land - Das Archiv","robots":{"index":"index","follow":"follow","max-snippet":"max-snippet:-1","max-image-preview":"max-image-preview:large","max-video-preview":"max-video-preview:-1"},"canonical":"http:\/\/sackingbob74.synology.me\/wordpress\/2016\/09\/22\/herbstanfang\/","og_locale":"de_DE","og_type":"article","og_title":"Kapitel 1: Das verlorene Land - Das Archiv","og_description":"Herbst blickte mich \u00fcber den Wohnzimmertisch aus an und sch\u00fcttelte den Kopf. Er sah genauso aus, wie ich ihn in Erinnerung hatte.&nbsp; Sein gut frisiertes Haar war streng nach rechts gek\u00e4mmt und seine Augen funkelten hinter den dicken Brillengl\u00e4sern einer Hornbrille. Zur Zierde hatte er sich \u00fcber den Sommer einen Schn\u00e4uzer wachsen lassen, der ihn [&hellip;]","og_url":"http:\/\/sackingbob74.synology.me\/wordpress\/2016\/09\/22\/herbstanfang\/","og_site_name":"Das Archiv","article_publisher":"https:\/\/www.facebook.com\/SackingBob74","article_author":"https:\/\/www.facebook.com\/SackingBob74","article_published_time":"2016-09-22T15:30:06+00:00","article_modified_time":"2021-12-20T12:56:38+00:00","og_image":[{"width":768,"height":432,"url":"http:\/\/sackingbob74.synology.me\/wordpress\/wp-content\/uploads\/2016\/09\/img_0502-1.jpg","type":"image\/jpeg"}],"twitter_card":"summary_large_image","twitter_creator":"@SackingBob74","twitter_site":"@SackingBob74","twitter_misc":{"Verfasst von":"SackingBob74","Gesch\u00e4tzte Lesezeit":"2 Minuten"},"schema":{"@context":"https:\/\/schema.org","@graph":[{"@type":"WebSite","@id":"https:\/\/sackingbob74.synology.me\/wordpress\/#website","url":"https:\/\/sackingbob74.synology.me\/wordpress\/","name":"Das Archiv","description":"Die Welt des Doc SAC aka SackingBob74","publisher":{"@id":"https:\/\/sackingbob74.synology.me\/wordpress\/#\/schema\/person\/b4e8c9800a43e3dd482a88f9b5c1f484"},"potentialAction":[{"@type":"SearchAction","target":{"@type":"EntryPoint","urlTemplate":"https:\/\/sackingbob74.synology.me\/wordpress\/?s={search_term_string}"},"query-input":"required name=search_term_string"}],"inLanguage":"de-DE"},{"@type":"ImageObject","@id":"http:\/\/sackingbob74.synology.me\/wordpress\/2016\/09\/22\/herbstanfang\/#primaryimage","inLanguage":"de-DE","url":"http:\/\/sackingbob74.synology.me\/wordpress\/wp-content\/uploads\/2016\/09\/img_0502-1.jpg","contentUrl":"http:\/\/sackingbob74.synology.me\/wordpress\/wp-content\/uploads\/2016\/09\/img_0502-1.jpg","width":768,"height":432},{"@type":"WebPage","@id":"http:\/\/sackingbob74.synology.me\/wordpress\/2016\/09\/22\/herbstanfang\/#webpage","url":"http:\/\/sackingbob74.synology.me\/wordpress\/2016\/09\/22\/herbstanfang\/","name":"Kapitel 1: Das verlorene Land - Das Archiv","isPartOf":{"@id":"https:\/\/sackingbob74.synology.me\/wordpress\/#website"},"primaryImageOfPage":{"@id":"http:\/\/sackingbob74.synology.me\/wordpress\/2016\/09\/22\/herbstanfang\/#primaryimage"},"datePublished":"2016-09-22T15:30:06+00:00","dateModified":"2021-12-20T12:56:38+00:00","breadcrumb":{"@id":"http:\/\/sackingbob74.synology.me\/wordpress\/2016\/09\/22\/herbstanfang\/#breadcrumb"},"inLanguage":"de-DE","potentialAction":[{"@type":"ReadAction","target":["http:\/\/sackingbob74.synology.me\/wordpress\/2016\/09\/22\/herbstanfang\/"]}]},{"@type":"BreadcrumbList","@id":"http:\/\/sackingbob74.synology.me\/wordpress\/2016\/09\/22\/herbstanfang\/#breadcrumb","itemListElement":[{"@type":"ListItem","position":1,"name":"Startseite","item":"https:\/\/sackingbob74.synology.me\/wordpress\/"},{"@type":"ListItem","position":2,"name":"Kapitel 1: Das verlorene Land"}]},{"@type":"Article","@id":"http:\/\/sackingbob74.synology.me\/wordpress\/2016\/09\/22\/herbstanfang\/#article","isPartOf":{"@id":"http:\/\/sackingbob74.synology.me\/wordpress\/2016\/09\/22\/herbstanfang\/#webpage"},"author":{"@id":"https:\/\/sackingbob74.synology.me\/wordpress\/#\/schema\/person\/b4e8c9800a43e3dd482a88f9b5c1f484"},"headline":"Kapitel 1: Das verlorene Land","datePublished":"2016-09-22T15:30:06+00:00","dateModified":"2021-12-20T12:56:38+00:00","mainEntityOfPage":{"@id":"http:\/\/sackingbob74.synology.me\/wordpress\/2016\/09\/22\/herbstanfang\/#webpage"},"wordCount":358,"publisher":{"@id":"https:\/\/sackingbob74.synology.me\/wordpress\/#\/schema\/person\/b4e8c9800a43e3dd482a88f9b5c1f484"},"image":{"@id":"http:\/\/sackingbob74.synology.me\/wordpress\/2016\/09\/22\/herbstanfang\/#primaryimage"},"thumbnailUrl":"http:\/\/sackingbob74.synology.me\/wordpress\/wp-content\/uploads\/2016\/09\/img_0502-1.jpg","keywords":["Deutsch","Fiktion","Geschichte","Herbst","Humor","schreiben"],"articleSection":["2016","Geschichten"],"inLanguage":"de-DE"},{"@type":["Person","Organization"],"@id":"https:\/\/sackingbob74.synology.me\/wordpress\/#\/schema\/person\/b4e8c9800a43e3dd482a88f9b5c1f484","name":"SackingBob74","image":{"@type":"ImageObject","@id":"https:\/\/sackingbob74.synology.me\/wordpress\/#personlogo","inLanguage":"de-DE","url":"https:\/\/192.168.178.37\/wordpress\/wp-content\/uploads\/2017\/09\/e60748ec-bc11-4b2b-9771-d1736483a421-3010-000006f5be2e569f.jpg","contentUrl":"https:\/\/192.168.178.37\/wordpress\/wp-content\/uploads\/2017\/09\/e60748ec-bc11-4b2b-9771-d1736483a421-3010-000006f5be2e569f.jpg","width":960,"height":1280,"caption":"SackingBob74"},"logo":{"@id":"https:\/\/sackingbob74.synology.me\/wordpress\/#personlogo"},"description":"1974 in Dorsten geboren, entdeckte man fr\u00fch das fehlende sportliche Talent des Autors. \u00dcber Jahre erlernte er m\u00fchsam das Lesen und Schreiben, wobei er mit dem Letzteren immer seine Probleme hatte. Die Lehrer bescheinigten ihm ein hohes Ma\u00df an Fantasie und Flexibilit\u00e4t in der Rechtschreibung. Aus den oberen Gr\u00fcnden stand ihm lediglich der Zweig der Naturwissenschaften offen. Sein Werdegang wurde 2008 an Halloween mit einer Promotion in Chemie belohnt. Sein erstes Buch \u00bbNiedermolekulare Co-Kristallisation\u00ab erwies sich als Ladenh\u00fcter (Essener Uni-Bibliothek, wird wahrscheinlich z.Z. im unzug\u00e4nglichen Keller aufbewahrt). Um eine breitere \u00d6ffentlichkeit zu erreichen, beschloss der Autor, das Genre zu wechseln. Seit ein paar Jahren ver\u00f6ffentlicht er in seinem Blog &gt;SackingBob74.de&lt; Geschichten \u00fcber sich und die personalisierten Jahreszeiten. Er lebt mit seiner Familie in Gladbeck.","sameAs":["http:\/\/sackingbob74.synology.me\/wordpress","https:\/\/www.facebook.com\/SackingBob74","https:\/\/twitter.com\/SackingBob74"],"url":"http:\/\/sackingbob74.synology.me\/wordpress\/author\/sackingbob74\/"}]}},"_links":{"self":[{"href":"http:\/\/sackingbob74.synology.me\/wordpress\/wp-json\/wp\/v2\/posts\/2156"}],"collection":[{"href":"http:\/\/sackingbob74.synology.me\/wordpress\/wp-json\/wp\/v2\/posts"}],"about":[{"href":"http:\/\/sackingbob74.synology.me\/wordpress\/wp-json\/wp\/v2\/types\/post"}],"author":[{"embeddable":true,"href":"http:\/\/sackingbob74.synology.me\/wordpress\/wp-json\/wp\/v2\/users\/1"}],"replies":[{"embeddable":true,"href":"http:\/\/sackingbob74.synology.me\/wordpress\/wp-json\/wp\/v2\/comments?post=2156"}],"version-history":[{"count":1,"href":"http:\/\/sackingbob74.synology.me\/wordpress\/wp-json\/wp\/v2\/posts\/2156\/revisions"}],"predecessor-version":[{"id":4612,"href":"http:\/\/sackingbob74.synology.me\/wordpress\/wp-json\/wp\/v2\/posts\/2156\/revisions\/4612"}],"wp:featuredmedia":[{"embeddable":true,"href":"http:\/\/sackingbob74.synology.me\/wordpress\/wp-json\/wp\/v2\/media\/2331"}],"wp:attachment":[{"href":"http:\/\/sackingbob74.synology.me\/wordpress\/wp-json\/wp\/v2\/media?parent=2156"}],"wp:term":[{"taxonomy":"category","embeddable":true,"href":"http:\/\/sackingbob74.synology.me\/wordpress\/wp-json\/wp\/v2\/categories?post=2156"},{"taxonomy":"post_tag","embeddable":true,"href":"http:\/\/sackingbob74.synology.me\/wordpress\/wp-json\/wp\/v2\/tags?post=2156"}],"curies":[{"name":"wp","href":"https:\/\/api.w.org\/{rel}","templated":true}]}}