{"id":2142,"date":"2016-09-11T17:30:18","date_gmt":"2016-09-11T15:30:18","guid":{"rendered":"https:\/\/sackingbob74.wordpress.com\/?p=2142"},"modified":"2021-12-20T13:56:41","modified_gmt":"2021-12-20T12:56:41","slug":"die-jagd","status":"publish","type":"post","link":"http:\/\/sackingbob74.synology.me\/wordpress\/2016\/09\/11\/die-jagd\/","title":{"rendered":"Die Jagd"},"content":{"rendered":"<p>Die schwarze Wolke drang durch die T\u00fcr, am Ende des Raums, in dem wir gerade standen.<br \/>\nSommer und ich rannten ihr hinterher.<br \/>\nIch sagte: \u00bbKannst Du Dich auch zu so einer Wolke ver\u00e4ndern?\u00ab<br \/>\nSommer sagte: \u00bbDas hab ich in der Schule gelernt. Hab das Fach aber gehasst. Ich war nie besonders erfolgreich. Meist blieben noch K\u00f6rperteile \u00fcbrig und Mutter hat gesagt, ich sollte das nicht machen, solange ich es nicht richtig kann.\u00ab<br \/>\nSchweratmend kamen wir an die T\u00fcr. Sommer griff nach der Klinke und zog. Die T\u00fcr bewegte sich nicht.<br \/>\nSie blickte mich an und sagte: \u00bbVerschlossen.\u00ab<br \/>\nIch sagte: \u00bbGar nicht mal so dumm. Wenn ich offene Fenster im Haus h\u00e4tte, dann w\u00fcrde ich auch die T\u00fcren abschlie\u00dfen.<br \/>\nAu\u00dferdem ist die Wohnung wirklich genial. So gro\u00df und freundlich.\u00ab<br \/>\nSommer sagte: \u00bbIch wette, es wird hier ziemlich hei\u00df, wenn mal die Sonne drauf scheint. Sollten wir nicht lieber die T\u00fcr aufbrechen, als die Wohnung zu besichtigen?\u00ab<br \/>\nIch sagte: \u00bbEs w\u00e4re schon ganz praktisch, wenn Du Dich zu einer Wolke machst und unter der T\u00fcr hindurch fliegst. Vielleicht steckt auf der anderen Seite ja ein Schl\u00fcssel.\u00ab<br \/>\nSommer sagte: \u00bbWir k\u00f6nnten uns auch hindurchteleportieren. Niemand stellt doch Sachen direkt vor eine T\u00fcr.\u00ab<br \/>\nIch lie\u00df mich auf die Knie fallen und blickte durch den schmalen Spalt.<br \/>\nDann sagte ich: \u00bbWarum bringen wir keine Taschenlampe mit, wenn wir schon Nachts irgendwo einbrechen?\u00ab<br \/>\nSommer sagte: \u00bbWir sind nicht gut ausger\u00fcstet, m\u00fcssen aber doch unser Bestes geben. Sonst erinnert sich bald keiner mehr an Johannes. Genauso wie an Josef Zemt oder die anderen der Gruppe.\u00ab<br \/>\nIch sagte: \u00bbWer war das?\u00ab<br \/>\nSommer sagte: \u00bbSie waren recht bekannt zu ihrer Zeit. Die Zeitungen waren immer voll. Dann hat sich Tod der Sache angenommen und heute kennt sie keiner mehr.\u00ab<br \/>\nIch sagte: \u00bbIch kann auf der anderen Seite nichts erkenne, was uns im Weg stehen w\u00fcrde. Wir m\u00fcssten springen k\u00f6nnen.\u00ab<br \/>\nSommer griff mir an die Schulter und ich fand mich knieend im Treppenhaus wieder.<br \/>\nAls ich mich erhob, knallte mein Fu\u00df gegen ein Schuhregal. Der Schmerz schoss mir Tr\u00e4nen in die Augen.<br \/>\nSommer sagte: \u00bbSiehst Du, da stand doch was.\u00ab<br \/>\nIch sagte: \u00bbWer ist denn so bescheuert, einen Schuhschrank in den Hausflur zu stellen? Das sollte verboten sein.\u00ab<br \/>\nSommer sagte: \u00bbNur weil es bei euch im Haus verboten ist, muss es nicht \u00fcberall verboten sein. Au\u00dferdem pass gef\u00e4lligst auf, wie Du \u00fcber Johannes redest!\u00ab<br \/>\nIch sagte: \u00bbSchuldigung, wenn ich Deinen Liebsten beleidigt habe.\u00ab<\/p>\n","protected":false},"excerpt":{"rendered":"<p>Die schwarze Wolke drang durch die T\u00fcr, am Ende des Raums, in dem wir gerade standen. Sommer und ich rannten ihr hinterher. Ich sagte: \u00bbKannst Du Dich auch zu so einer Wolke ver\u00e4ndern?\u00ab Sommer sagte: \u00bbDas hab ich in der Schule gelernt. Hab das Fach aber gehasst. Ich war nie besonders erfolgreich. Meist blieben noch [&hellip;]<\/p>\n","protected":false},"author":1,"featured_media":2196,"comment_status":"closed","ping_status":"closed","sticky":false,"template":"","format":"standard","meta":{"_bbp_topic_count":0,"_bbp_reply_count":0,"_bbp_total_topic_count":0,"_bbp_total_reply_count":0,"_bbp_voice_count":0,"_bbp_anonymous_reply_count":0,"_bbp_topic_count_hidden":0,"_bbp_reply_count_hidden":0,"_bbp_forum_subforum_count":0,"episode_type":"","audio_file":"","cover_image":"","cover_image_id":"","duration":"","filesize":"","date_recorded":"","explicit":"","block":"","filesize_raw":""},"categories":[25],"tags":[63,90,98,128,164],"yoast_head":"<!-- This site is optimized with the Yoast SEO plugin v18.2 - https:\/\/yoast.com\/wordpress\/plugins\/seo\/ -->\n<title>Die Jagd - Das Archiv<\/title>\n<meta name=\"robots\" content=\"index, follow, max-snippet:-1, max-image-preview:large, max-video-preview:-1\" \/>\n<link rel=\"canonical\" href=\"http:\/\/sackingbob74.synology.me\/wordpress\/2016\/09\/11\/die-jagd\/\" \/>\n<meta property=\"og:locale\" content=\"de_DE\" \/>\n<meta property=\"og:type\" content=\"article\" \/>\n<meta property=\"og:title\" content=\"Die Jagd - Das Archiv\" \/>\n<meta property=\"og:description\" content=\"Die schwarze Wolke drang durch die T\u00fcr, am Ende des Raums, in dem wir gerade standen. Sommer und ich rannten ihr hinterher. Ich sagte: \u00bbKannst Du Dich auch zu so einer Wolke ver\u00e4ndern?\u00ab Sommer sagte: \u00bbDas hab ich in der Schule gelernt. Hab das Fach aber gehasst. Ich war nie besonders erfolgreich. Meist blieben noch [&hellip;]\" \/>\n<meta property=\"og:url\" content=\"http:\/\/sackingbob74.synology.me\/wordpress\/2016\/09\/11\/die-jagd\/\" \/>\n<meta property=\"og:site_name\" content=\"Das Archiv\" \/>\n<meta property=\"article:publisher\" content=\"https:\/\/www.facebook.com\/SackingBob74\" \/>\n<meta property=\"article:author\" content=\"https:\/\/www.facebook.com\/SackingBob74\" \/>\n<meta property=\"article:published_time\" content=\"2016-09-11T15:30:18+00:00\" \/>\n<meta property=\"article:modified_time\" content=\"2021-12-20T12:56:41+00:00\" \/>\n<meta property=\"og:image\" content=\"http:\/\/sackingbob74.synology.me\/wordpress\/wp-content\/uploads\/2016\/07\/img_0192.jpg\" \/>\n\t<meta property=\"og:image:width\" content=\"1024\" \/>\n\t<meta property=\"og:image:height\" content=\"576\" \/>\n\t<meta property=\"og:image:type\" content=\"image\/jpeg\" \/>\n<meta name=\"twitter:card\" content=\"summary_large_image\" \/>\n<meta name=\"twitter:creator\" content=\"@SackingBob74\" \/>\n<meta name=\"twitter:site\" content=\"@SackingBob74\" \/>\n<meta name=\"twitter:label1\" content=\"Verfasst von\" \/>\n\t<meta name=\"twitter:data1\" content=\"SackingBob74\" \/>\n\t<meta name=\"twitter:label2\" content=\"Gesch\u00e4tzte Lesezeit\" \/>\n\t<meta name=\"twitter:data2\" content=\"2 Minuten\" \/>\n<script type=\"application\/ld+json\" class=\"yoast-schema-graph\">{\"@context\":\"https:\/\/schema.org\",\"@graph\":[{\"@type\":\"WebSite\",\"@id\":\"http:\/\/sackingbob74.synology.me\/wordpress\/#website\",\"url\":\"http:\/\/sackingbob74.synology.me\/wordpress\/\",\"name\":\"Das Archiv\",\"description\":\"Die Welt des Doc SAC aka SackingBob74\",\"publisher\":{\"@id\":\"http:\/\/sackingbob74.synology.me\/wordpress\/#\/schema\/person\/b4e8c9800a43e3dd482a88f9b5c1f484\"},\"potentialAction\":[{\"@type\":\"SearchAction\",\"target\":{\"@type\":\"EntryPoint\",\"urlTemplate\":\"http:\/\/sackingbob74.synology.me\/wordpress\/?s={search_term_string}\"},\"query-input\":\"required name=search_term_string\"}],\"inLanguage\":\"de-DE\"},{\"@type\":\"ImageObject\",\"@id\":\"http:\/\/sackingbob74.synology.me\/wordpress\/2016\/09\/11\/die-jagd\/#primaryimage\",\"inLanguage\":\"de-DE\",\"url\":\"http:\/\/sackingbob74.synology.me\/wordpress\/wp-content\/uploads\/2016\/07\/img_0192.jpg\",\"contentUrl\":\"http:\/\/sackingbob74.synology.me\/wordpress\/wp-content\/uploads\/2016\/07\/img_0192.jpg\",\"width\":1024,\"height\":576},{\"@type\":\"WebPage\",\"@id\":\"http:\/\/sackingbob74.synology.me\/wordpress\/2016\/09\/11\/die-jagd\/#webpage\",\"url\":\"http:\/\/sackingbob74.synology.me\/wordpress\/2016\/09\/11\/die-jagd\/\",\"name\":\"Die Jagd - Das Archiv\",\"isPartOf\":{\"@id\":\"http:\/\/sackingbob74.synology.me\/wordpress\/#website\"},\"primaryImageOfPage\":{\"@id\":\"http:\/\/sackingbob74.synology.me\/wordpress\/2016\/09\/11\/die-jagd\/#primaryimage\"},\"datePublished\":\"2016-09-11T15:30:18+00:00\",\"dateModified\":\"2021-12-20T12:56:41+00:00\",\"breadcrumb\":{\"@id\":\"http:\/\/sackingbob74.synology.me\/wordpress\/2016\/09\/11\/die-jagd\/#breadcrumb\"},\"inLanguage\":\"de-DE\",\"potentialAction\":[{\"@type\":\"ReadAction\",\"target\":[\"http:\/\/sackingbob74.synology.me\/wordpress\/2016\/09\/11\/die-jagd\/\"]}]},{\"@type\":\"BreadcrumbList\",\"@id\":\"http:\/\/sackingbob74.synology.me\/wordpress\/2016\/09\/11\/die-jagd\/#breadcrumb\",\"itemListElement\":[{\"@type\":\"ListItem\",\"position\":1,\"name\":\"Startseite\",\"item\":\"http:\/\/sackingbob74.synology.me\/wordpress\/\"},{\"@type\":\"ListItem\",\"position\":2,\"name\":\"Die Jagd\"}]},{\"@type\":\"Article\",\"@id\":\"http:\/\/sackingbob74.synology.me\/wordpress\/2016\/09\/11\/die-jagd\/#article\",\"isPartOf\":{\"@id\":\"http:\/\/sackingbob74.synology.me\/wordpress\/2016\/09\/11\/die-jagd\/#webpage\"},\"author\":{\"@id\":\"http:\/\/sackingbob74.synology.me\/wordpress\/#\/schema\/person\/b4e8c9800a43e3dd482a88f9b5c1f484\"},\"headline\":\"Die Jagd\",\"datePublished\":\"2016-09-11T15:30:18+00:00\",\"dateModified\":\"2021-12-20T12:56:41+00:00\",\"mainEntityOfPage\":{\"@id\":\"http:\/\/sackingbob74.synology.me\/wordpress\/2016\/09\/11\/die-jagd\/#webpage\"},\"wordCount\":429,\"publisher\":{\"@id\":\"http:\/\/sackingbob74.synology.me\/wordpress\/#\/schema\/person\/b4e8c9800a43e3dd482a88f9b5c1f484\"},\"image\":{\"@id\":\"http:\/\/sackingbob74.synology.me\/wordpress\/2016\/09\/11\/die-jagd\/#primaryimage\"},\"thumbnailUrl\":\"http:\/\/sackingbob74.synology.me\/wordpress\/wp-content\/uploads\/2016\/07\/img_0192.jpg\",\"keywords\":[\"Deutsch\",\"Geschichte\",\"Humor\",\"Liebesroman\",\"schreiben\"],\"articleSection\":[\"Sommer\"],\"inLanguage\":\"de-DE\"},{\"@type\":[\"Person\",\"Organization\"],\"@id\":\"http:\/\/sackingbob74.synology.me\/wordpress\/#\/schema\/person\/b4e8c9800a43e3dd482a88f9b5c1f484\",\"name\":\"SackingBob74\",\"image\":{\"@type\":\"ImageObject\",\"@id\":\"http:\/\/sackingbob74.synology.me\/wordpress\/#personlogo\",\"inLanguage\":\"de-DE\",\"url\":\"https:\/\/192.168.178.37\/wordpress\/wp-content\/uploads\/2017\/09\/e60748ec-bc11-4b2b-9771-d1736483a421-3010-000006f5be2e569f.jpg\",\"contentUrl\":\"https:\/\/192.168.178.37\/wordpress\/wp-content\/uploads\/2017\/09\/e60748ec-bc11-4b2b-9771-d1736483a421-3010-000006f5be2e569f.jpg\",\"width\":960,\"height\":1280,\"caption\":\"SackingBob74\"},\"logo\":{\"@id\":\"http:\/\/sackingbob74.synology.me\/wordpress\/#personlogo\"},\"description\":\"1974 in Dorsten geboren, entdeckte man fr\u00fch das fehlende sportliche Talent des Autors. \u00dcber Jahre erlernte er m\u00fchsam das Lesen und Schreiben, wobei er mit dem Letzteren immer seine Probleme hatte. Die Lehrer bescheinigten ihm ein hohes Ma\u00df an Fantasie und Flexibilit\u00e4t in der Rechtschreibung. Aus den oberen Gr\u00fcnden stand ihm lediglich der Zweig der Naturwissenschaften offen. Sein Werdegang wurde 2008 an Halloween mit einer Promotion in Chemie belohnt. Sein erstes Buch \u00bbNiedermolekulare Co-Kristallisation\u00ab erwies sich als Ladenh\u00fcter (Essener Uni-Bibliothek, wird wahrscheinlich z.Z. im unzug\u00e4nglichen Keller aufbewahrt). Um eine breitere \u00d6ffentlichkeit zu erreichen, beschloss der Autor, das Genre zu wechseln. Seit ein paar Jahren ver\u00f6ffentlicht er in seinem Blog &gt;SackingBob74.de&lt; Geschichten \u00fcber sich und die personalisierten Jahreszeiten. Er lebt mit seiner Familie in Gladbeck.\",\"sameAs\":[\"http:\/\/sackingbob74.synology.me\/wordpress\",\"https:\/\/www.facebook.com\/SackingBob74\",\"https:\/\/twitter.com\/SackingBob74\"],\"url\":\"http:\/\/sackingbob74.synology.me\/wordpress\/author\/sackingbob74\/\"}]}<\/script>\n<!-- \/ Yoast SEO plugin. -->","yoast_head_json":{"title":"Die Jagd - Das Archiv","robots":{"index":"index","follow":"follow","max-snippet":"max-snippet:-1","max-image-preview":"max-image-preview:large","max-video-preview":"max-video-preview:-1"},"canonical":"http:\/\/sackingbob74.synology.me\/wordpress\/2016\/09\/11\/die-jagd\/","og_locale":"de_DE","og_type":"article","og_title":"Die Jagd - Das Archiv","og_description":"Die schwarze Wolke drang durch die T\u00fcr, am Ende des Raums, in dem wir gerade standen. Sommer und ich rannten ihr hinterher. Ich sagte: \u00bbKannst Du Dich auch zu so einer Wolke ver\u00e4ndern?\u00ab Sommer sagte: \u00bbDas hab ich in der Schule gelernt. Hab das Fach aber gehasst. Ich war nie besonders erfolgreich. Meist blieben noch [&hellip;]","og_url":"http:\/\/sackingbob74.synology.me\/wordpress\/2016\/09\/11\/die-jagd\/","og_site_name":"Das Archiv","article_publisher":"https:\/\/www.facebook.com\/SackingBob74","article_author":"https:\/\/www.facebook.com\/SackingBob74","article_published_time":"2016-09-11T15:30:18+00:00","article_modified_time":"2021-12-20T12:56:41+00:00","og_image":[{"width":1024,"height":576,"url":"http:\/\/sackingbob74.synology.me\/wordpress\/wp-content\/uploads\/2016\/07\/img_0192.jpg","type":"image\/jpeg"}],"twitter_card":"summary_large_image","twitter_creator":"@SackingBob74","twitter_site":"@SackingBob74","twitter_misc":{"Verfasst von":"SackingBob74","Gesch\u00e4tzte Lesezeit":"2 Minuten"},"schema":{"@context":"https:\/\/schema.org","@graph":[{"@type":"WebSite","@id":"http:\/\/sackingbob74.synology.me\/wordpress\/#website","url":"http:\/\/sackingbob74.synology.me\/wordpress\/","name":"Das Archiv","description":"Die Welt des Doc SAC aka SackingBob74","publisher":{"@id":"http:\/\/sackingbob74.synology.me\/wordpress\/#\/schema\/person\/b4e8c9800a43e3dd482a88f9b5c1f484"},"potentialAction":[{"@type":"SearchAction","target":{"@type":"EntryPoint","urlTemplate":"http:\/\/sackingbob74.synology.me\/wordpress\/?s={search_term_string}"},"query-input":"required name=search_term_string"}],"inLanguage":"de-DE"},{"@type":"ImageObject","@id":"http:\/\/sackingbob74.synology.me\/wordpress\/2016\/09\/11\/die-jagd\/#primaryimage","inLanguage":"de-DE","url":"http:\/\/sackingbob74.synology.me\/wordpress\/wp-content\/uploads\/2016\/07\/img_0192.jpg","contentUrl":"http:\/\/sackingbob74.synology.me\/wordpress\/wp-content\/uploads\/2016\/07\/img_0192.jpg","width":1024,"height":576},{"@type":"WebPage","@id":"http:\/\/sackingbob74.synology.me\/wordpress\/2016\/09\/11\/die-jagd\/#webpage","url":"http:\/\/sackingbob74.synology.me\/wordpress\/2016\/09\/11\/die-jagd\/","name":"Die Jagd - Das Archiv","isPartOf":{"@id":"http:\/\/sackingbob74.synology.me\/wordpress\/#website"},"primaryImageOfPage":{"@id":"http:\/\/sackingbob74.synology.me\/wordpress\/2016\/09\/11\/die-jagd\/#primaryimage"},"datePublished":"2016-09-11T15:30:18+00:00","dateModified":"2021-12-20T12:56:41+00:00","breadcrumb":{"@id":"http:\/\/sackingbob74.synology.me\/wordpress\/2016\/09\/11\/die-jagd\/#breadcrumb"},"inLanguage":"de-DE","potentialAction":[{"@type":"ReadAction","target":["http:\/\/sackingbob74.synology.me\/wordpress\/2016\/09\/11\/die-jagd\/"]}]},{"@type":"BreadcrumbList","@id":"http:\/\/sackingbob74.synology.me\/wordpress\/2016\/09\/11\/die-jagd\/#breadcrumb","itemListElement":[{"@type":"ListItem","position":1,"name":"Startseite","item":"http:\/\/sackingbob74.synology.me\/wordpress\/"},{"@type":"ListItem","position":2,"name":"Die Jagd"}]},{"@type":"Article","@id":"http:\/\/sackingbob74.synology.me\/wordpress\/2016\/09\/11\/die-jagd\/#article","isPartOf":{"@id":"http:\/\/sackingbob74.synology.me\/wordpress\/2016\/09\/11\/die-jagd\/#webpage"},"author":{"@id":"http:\/\/sackingbob74.synology.me\/wordpress\/#\/schema\/person\/b4e8c9800a43e3dd482a88f9b5c1f484"},"headline":"Die Jagd","datePublished":"2016-09-11T15:30:18+00:00","dateModified":"2021-12-20T12:56:41+00:00","mainEntityOfPage":{"@id":"http:\/\/sackingbob74.synology.me\/wordpress\/2016\/09\/11\/die-jagd\/#webpage"},"wordCount":429,"publisher":{"@id":"http:\/\/sackingbob74.synology.me\/wordpress\/#\/schema\/person\/b4e8c9800a43e3dd482a88f9b5c1f484"},"image":{"@id":"http:\/\/sackingbob74.synology.me\/wordpress\/2016\/09\/11\/die-jagd\/#primaryimage"},"thumbnailUrl":"http:\/\/sackingbob74.synology.me\/wordpress\/wp-content\/uploads\/2016\/07\/img_0192.jpg","keywords":["Deutsch","Geschichte","Humor","Liebesroman","schreiben"],"articleSection":["Sommer"],"inLanguage":"de-DE"},{"@type":["Person","Organization"],"@id":"http:\/\/sackingbob74.synology.me\/wordpress\/#\/schema\/person\/b4e8c9800a43e3dd482a88f9b5c1f484","name":"SackingBob74","image":{"@type":"ImageObject","@id":"http:\/\/sackingbob74.synology.me\/wordpress\/#personlogo","inLanguage":"de-DE","url":"https:\/\/192.168.178.37\/wordpress\/wp-content\/uploads\/2017\/09\/e60748ec-bc11-4b2b-9771-d1736483a421-3010-000006f5be2e569f.jpg","contentUrl":"https:\/\/192.168.178.37\/wordpress\/wp-content\/uploads\/2017\/09\/e60748ec-bc11-4b2b-9771-d1736483a421-3010-000006f5be2e569f.jpg","width":960,"height":1280,"caption":"SackingBob74"},"logo":{"@id":"http:\/\/sackingbob74.synology.me\/wordpress\/#personlogo"},"description":"1974 in Dorsten geboren, entdeckte man fr\u00fch das fehlende sportliche Talent des Autors. \u00dcber Jahre erlernte er m\u00fchsam das Lesen und Schreiben, wobei er mit dem Letzteren immer seine Probleme hatte. Die Lehrer bescheinigten ihm ein hohes Ma\u00df an Fantasie und Flexibilit\u00e4t in der Rechtschreibung. Aus den oberen Gr\u00fcnden stand ihm lediglich der Zweig der Naturwissenschaften offen. Sein Werdegang wurde 2008 an Halloween mit einer Promotion in Chemie belohnt. Sein erstes Buch \u00bbNiedermolekulare Co-Kristallisation\u00ab erwies sich als Ladenh\u00fcter (Essener Uni-Bibliothek, wird wahrscheinlich z.Z. im unzug\u00e4nglichen Keller aufbewahrt). Um eine breitere \u00d6ffentlichkeit zu erreichen, beschloss der Autor, das Genre zu wechseln. Seit ein paar Jahren ver\u00f6ffentlicht er in seinem Blog &gt;SackingBob74.de&lt; Geschichten \u00fcber sich und die personalisierten Jahreszeiten. Er lebt mit seiner Familie in Gladbeck.","sameAs":["http:\/\/sackingbob74.synology.me\/wordpress","https:\/\/www.facebook.com\/SackingBob74","https:\/\/twitter.com\/SackingBob74"],"url":"http:\/\/sackingbob74.synology.me\/wordpress\/author\/sackingbob74\/"}]}},"_links":{"self":[{"href":"http:\/\/sackingbob74.synology.me\/wordpress\/wp-json\/wp\/v2\/posts\/2142"}],"collection":[{"href":"http:\/\/sackingbob74.synology.me\/wordpress\/wp-json\/wp\/v2\/posts"}],"about":[{"href":"http:\/\/sackingbob74.synology.me\/wordpress\/wp-json\/wp\/v2\/types\/post"}],"author":[{"embeddable":true,"href":"http:\/\/sackingbob74.synology.me\/wordpress\/wp-json\/wp\/v2\/users\/1"}],"replies":[{"embeddable":true,"href":"http:\/\/sackingbob74.synology.me\/wordpress\/wp-json\/wp\/v2\/comments?post=2142"}],"version-history":[{"count":1,"href":"http:\/\/sackingbob74.synology.me\/wordpress\/wp-json\/wp\/v2\/posts\/2142\/revisions"}],"predecessor-version":[{"id":4624,"href":"http:\/\/sackingbob74.synology.me\/wordpress\/wp-json\/wp\/v2\/posts\/2142\/revisions\/4624"}],"wp:featuredmedia":[{"embeddable":true,"href":"http:\/\/sackingbob74.synology.me\/wordpress\/wp-json\/wp\/v2\/media\/2196"}],"wp:attachment":[{"href":"http:\/\/sackingbob74.synology.me\/wordpress\/wp-json\/wp\/v2\/media?parent=2142"}],"wp:term":[{"taxonomy":"category","embeddable":true,"href":"http:\/\/sackingbob74.synology.me\/wordpress\/wp-json\/wp\/v2\/categories?post=2142"},{"taxonomy":"post_tag","embeddable":true,"href":"http:\/\/sackingbob74.synology.me\/wordpress\/wp-json\/wp\/v2\/tags?post=2142"}],"curies":[{"name":"wp","href":"https:\/\/api.w.org\/{rel}","templated":true}]}}